{"id":134112,"date":"2021-11-26T17:18:02","date_gmt":"2021-11-26T22:18:02","guid":{"rendered":"https:\/\/linitiative.ca\/International\/caf-creation-de-la-superligue-panafricaine\/"},"modified":"2021-11-26T17:18:02","modified_gmt":"2021-11-26T22:18:02","slug":"caf-creation-de-la-superligue-panafricaine","status":"publish","type":"post","link":"https:\/\/linitiative.ca\/International\/caf-creation-de-la-superligue-panafricaine\/","title":{"rendered":"CAF : Cr\u00e9ation de la Superligue panafricaine"},"content":{"rendered":"<div>\n<p><img loading=\"lazy\" decoding=\"async\" width=\"780\" height=\"468\" src=\"https:\/\/linitiative.ca\/International\/wp-content\/uploads\/sites\/23\/2021\/11\/16379650821725.jpg\" class=\"attachment-post-thumbnail size-post-thumbnail wp-post-image\" alt=\"\" srcset=\"https:\/\/linitiative.ca\/International\/wp-content\/uploads\/sites\/23\/2021\/11\/16379650821725.jpg 780w, https:\/\/www.journalducameroun.com\/wp-content\/uploads\/2021\/11\/16379650821725-300x180.jpg 300w, https:\/\/www.journalducameroun.com\/wp-content\/uploads\/2021\/11\/16379650821725-768x461.jpg 768w, https:\/\/www.journalducameroun.com\/wp-content\/uploads\/2021\/11\/16379650821725-733x440.jpg 733w, https:\/\/www.journalducameroun.com\/wp-content\/uploads\/2021\/11\/16379650821725-600x360.jpg 600w\" sizes=\"auto, (max-width: 780px) 100vw, 780px\"><\/p>\n<p>La Conf\u00e9d\u00e9ration africaine de football, r\u00e9unie ce vendredi au Caire \u00e0 l&rsquo;occasion de sa 13e assembl\u00e9e g\u00e9n\u00e9rale extraordinaire, a pris plusieurs d\u00e9cisions cl\u00e9s pour l&rsquo;avenir du football africain.Dans l&rsquo;optique d&rsquo;offrir plus de moyens aux clubs africains, l&rsquo;instance fa\u00eeti\u00e8re a adopt\u00e9 \u00e0 l&rsquo;unanimit\u00e9 la cr\u00e9ation de la Superligue panafricaine.<\/p>\n<p>Act\u00e9e par le Comit\u00e9 ex\u00e9cutif de la CAF en juillet dernier lors de sa r\u00e9union \u00e0 Rabat, la Superligue panafricaine verra bient\u00f4t le jour. Selon Patrice Motsepe, pr\u00e9sident de la CAF, la Superligue devra am\u00e9liorer la qualit\u00e9 du football interclubs africain et surtout g\u00e9n\u00e9rer plus d&rsquo;argent pour les clubs qui y participent et m\u00eame pour ceux qui n&rsquo;y participent pas, afin de mettre fin \u00e0 l&rsquo;exode des talents africains en Europe d\u00e8s leur jeune \u00e2ge\u00bb.<\/p>\n<p>En revanche, la CAF n&rsquo;a pas encore d\u00e9fini les contours de cette Superligue ni les crit\u00e8res pour y participer.<\/p>\n<p>Cet article <a rel=\"nofollow\" href=\"https:\/\/www.journalducameroun.com\/caf-creation-de-la-superligue-panafricaine\/\">CAF : Cr\u00e9ation de la Superligue panafricaine<\/a> est apparu en premier sur <a rel=\"nofollow\" href=\"https:\/\/www.journalducameroun.com\/\">Journal du Cameroun<\/a>.<\/p>\n<\/div>\n<p>Auteur: APA News<br \/>\n<a href=\"https:\/\/www.journalducameroun.com\/caf-creation-de-la-superligue-panafricaine\/\">Cliquez ici pour lire l&rsquo;article depuis sa source.<\/a><\/p>\n","protected":false},"excerpt":{"rendered":"<p>La Conf\u00e9d\u00e9ration africaine de football, r\u00e9unie ce vendredi au Caire \u00e0 l&rsquo;occasion de sa 13e assembl\u00e9e g\u00e9n\u00e9rale extraordinaire, a pris plusieurs d\u00e9cisions cl\u00e9s pour l&rsquo;avenir du football africain.Dans l&rsquo;optique d&rsquo;offrir plus de moyens aux clubs africains, l&rsquo;instance fa\u00eeti\u00e8re a adopt\u00e9 \u00e0 l&rsquo;unanimit\u00e9 la cr\u00e9ation de la Superligue panafricaine. Act\u00e9e par le Comit\u00e9 ex\u00e9cutif de la [&hellip;]<\/p>\n","protected":false},"author":1965,"featured_media":0,"comment_status":"closed","ping_status":"closed","sticky":false,"template":"","format":"standard","meta":{"fifu_image_url":"https:\/\/www.journalducameroun.com\/wp-content\/uploads\/2021\/11\/16379650821725.jpg","fifu_image_alt":"CAF : Cr\u00e9ation de la Superligue panafricaine","footnotes":""},"categories":[73,82],"tags":[],"class_list":["post-134112","post","type-post","status-publish","format-standard","hentry","category-actualite","category-cameroun"],"_links":{"self":[{"href":"https:\/\/linitiative.ca\/International\/wp-json\/wp\/v2\/posts\/134112","targetHints":{"allow":["GET"]}}],"collection":[{"href":"https:\/\/linitiative.ca\/International\/wp-json\/wp\/v2\/posts"}],"about":[{"href":"https:\/\/linitiative.ca\/International\/wp-json\/wp\/v2\/types\/post"}],"author":[{"embeddable":true,"href":"https:\/\/linitiative.ca\/International\/wp-json\/wp\/v2\/users\/1965"}],"replies":[{"embeddable":true,"href":"https:\/\/linitiative.ca\/International\/wp-json\/wp\/v2\/comments?post=134112"}],"version-history":[{"count":0,"href":"https:\/\/linitiative.ca\/International\/wp-json\/wp\/v2\/posts\/134112\/revisions"}],"wp:attachment":[{"href":"https:\/\/linitiative.ca\/International\/wp-json\/wp\/v2\/media?parent=134112"}],"wp:term":[{"taxonomy":"category","embeddable":true,"href":"https:\/\/linitiative.ca\/International\/wp-json\/wp\/v2\/categories?post=134112"},{"taxonomy":"post_tag","embeddable":true,"href":"https:\/\/linitiative.ca\/International\/wp-json\/wp\/v2\/tags?post=134112"}],"curies":[{"name":"wp","href":"https:\/\/api.w.org\/{rel}","templated":true}]}}