{"id":134114,"date":"2021-11-26T17:18:02","date_gmt":"2021-11-26T22:18:02","guid":{"rendered":"https:\/\/linitiative.ca\/International\/la-caf-soutient-lorganisation-dune-coupe-du-monde-biennale\/"},"modified":"2021-11-26T17:18:02","modified_gmt":"2021-11-26T22:18:02","slug":"la-caf-soutient-lorganisation-dune-coupe-du-monde-biennale","status":"publish","type":"post","link":"https:\/\/linitiative.ca\/International\/la-caf-soutient-lorganisation-dune-coupe-du-monde-biennale\/","title":{"rendered":"La CAF soutient l\u2019organisation d\u2019une Coupe du monde biennale"},"content":{"rendered":"<div>\n<p><img loading=\"lazy\" decoding=\"async\" width=\"613\" height=\"322\" src=\"https:\/\/linitiative.ca\/International\/wp-content\/uploads\/sites\/23\/2021\/11\/16379650838905.jpg\" class=\"attachment-post-thumbnail size-post-thumbnail wp-post-image\" alt=\"\" srcset=\"https:\/\/linitiative.ca\/International\/wp-content\/uploads\/sites\/23\/2021\/11\/16379650838905.jpg 613w, https:\/\/www.journalducameroun.com\/wp-content\/uploads\/2021\/11\/16379650838905-300x158.jpg 300w, https:\/\/www.journalducameroun.com\/wp-content\/uploads\/2021\/11\/16379650838905-600x315.jpg 600w\" sizes=\"auto, (max-width: 613px) 100vw, 613px\"><\/p>\n<p>La CAF a apport\u00e9 son soutien \u00e0 la d\u00e9cision de la FIFA de mener une \u00e9tude de faisabilit\u00e9 d&rsquo;une Coupe du monde biennale, plut\u00f4t que quadriennale, lors de sa 13e assembl\u00e9e g\u00e9n\u00e9rale extraordinaire, tenue vendredi au Caire.Approuv\u00e9e lors du 71e Congr\u00e8s de la FIFA tenu le 21 mai, la proposition de l&rsquo;organisation de la Coupe du monde masculine et f\u00e9minine tous les deux ans, au lieu de quatre ans actuellement, a re\u00e7u vendredi le soutien de la Conf\u00e9d\u00e9ration africaine de football (CAF).<\/p>\n<p>Les 54 membres de la CAF ont vot\u00e9 \u00e0 l&rsquo;unanimit\u00e9 la d\u00e9cision de la FIFA de mener des \u00e9tudes de faisabilit\u00e9 d&rsquo;une Coupe du monde tous les deux ans. Ce vote sonne comme une bou\u00e9e de sauvetage du pr\u00e9sident de la FIFA, Gianni Infantino, critiqu\u00e9 de toute part pour ce projet.<\/p>\n<p>Deux grandes Conf\u00e9d\u00e9rations, l&rsquo;UEFA et la CONMEBOL, ont rejet\u00e9 l&rsquo;id\u00e9e d&rsquo;une Coupe du monde tous les deux ans.<\/p>\n<p>Pour information, c&rsquo;est la f\u00e9d\u00e9ration saoudienne de football qui a officiellement demand\u00e9 \u00e0 la FIFA d&rsquo;envisager d&rsquo;organiser des Coupes du monde biennales masculines et f\u00e9minines. La proposition a \u00e9t\u00e9 par la suite adopt\u00e9e lors du 71e Congr\u00e8s de la FIFA. Actuellement, la FIFA se penche sur l&rsquo;\u00e9tude de faisabilit\u00e9 et l&rsquo;impact du fait de jouer tous les deux ans les deux tournois.<\/p>\n<p>Par ailleurs, la CAF a, lors de cette Assembl\u00e9e g\u00e9n\u00e9rale extraordinaire, fix\u00e9 la p\u00e9riode entre les 22 et 26 janvier pour effectuer le tirage au sort des matchs de barrage qualificatifs pour la Coupe du monde, Qatar 2022.<\/p>\n<p>Et contrairement au souhait de l&rsquo;\u00c9gypte, qui a fait le forcing pour modifier la formule des matchs de barrage, la CAF est rest\u00e9e inflexible en maintenant la formule des matchs aller et retour sur la base de dernier classement FIFA o\u00f9 les cinq premiers du classement seront plac\u00e9s au chapeau n\u00b01 et les cinq autres au chapeau n\u00b02.<\/p>\n<p>Le match retour se jouera chez l&rsquo;\u00e9quipe la mieux class\u00e9e. Selon le dernier classement FIFA, les \u00e9quipes du S\u00e9n\u00e9gal, du Maroc, du Nigeria, de l&rsquo;Alg\u00e9rie, et de la Tunisie figureront au chapeau n\u00b01 et celles de l&rsquo;\u00c9gypte, du Mali, du Ghana, de la RD Congo et du Cameroun seront plac\u00e9es au chapeau n\u00b02.<\/p>\n<p>Cet article <a rel=\"nofollow\" href=\"https:\/\/www.journalducameroun.com\/la-caf-soutient-lorganisation-dune-coupe-du-monde-biennale\/\">La CAF soutient l\u2019organisation d\u2019une Coupe du monde biennale<\/a> est apparu en premier sur <a rel=\"nofollow\" href=\"https:\/\/www.journalducameroun.com\/\">Journal du Cameroun<\/a>.<\/p>\n<\/div>\n<p>Auteur: APA News<br \/>\n<a href=\"https:\/\/www.journalducameroun.com\/la-caf-soutient-lorganisation-dune-coupe-du-monde-biennale\/\">Cliquez ici pour lire l&rsquo;article depuis sa source.<\/a><\/p>\n","protected":false},"excerpt":{"rendered":"<p>La CAF a apport\u00e9 son soutien \u00e0 la d\u00e9cision de la FIFA de mener une \u00e9tude de faisabilit\u00e9 d&rsquo;une Coupe du monde biennale, plut\u00f4t que quadriennale, lors de sa 13e assembl\u00e9e g\u00e9n\u00e9rale extraordinaire, tenue vendredi au Caire.Approuv\u00e9e lors du 71e Congr\u00e8s de la FIFA tenu le 21 mai, la proposition de l&rsquo;organisation de la Coupe [&hellip;]<\/p>\n","protected":false},"author":1965,"featured_media":0,"comment_status":"closed","ping_status":"closed","sticky":false,"template":"","format":"standard","meta":{"fifu_image_url":"https:\/\/www.journalducameroun.com\/wp-content\/uploads\/2021\/11\/16379650838905.jpg","fifu_image_alt":"La CAF soutient l\u2019organisation d\u2019une Coupe du monde biennale","footnotes":""},"categories":[73,82],"tags":[],"class_list":["post-134114","post","type-post","status-publish","format-standard","hentry","category-actualite","category-cameroun"],"_links":{"self":[{"href":"https:\/\/linitiative.ca\/International\/wp-json\/wp\/v2\/posts\/134114","targetHints":{"allow":["GET"]}}],"collection":[{"href":"https:\/\/linitiative.ca\/International\/wp-json\/wp\/v2\/posts"}],"about":[{"href":"https:\/\/linitiative.ca\/International\/wp-json\/wp\/v2\/types\/post"}],"author":[{"embeddable":true,"href":"https:\/\/linitiative.ca\/International\/wp-json\/wp\/v2\/users\/1965"}],"replies":[{"embeddable":true,"href":"https:\/\/linitiative.ca\/International\/wp-json\/wp\/v2\/comments?post=134114"}],"version-history":[{"count":0,"href":"https:\/\/linitiative.ca\/International\/wp-json\/wp\/v2\/posts\/134114\/revisions"}],"wp:attachment":[{"href":"https:\/\/linitiative.ca\/International\/wp-json\/wp\/v2\/media?parent=134114"}],"wp:term":[{"taxonomy":"category","embeddable":true,"href":"https:\/\/linitiative.ca\/International\/wp-json\/wp\/v2\/categories?post=134114"},{"taxonomy":"post_tag","embeddable":true,"href":"https:\/\/linitiative.ca\/International\/wp-json\/wp\/v2\/tags?post=134114"}],"curies":[{"name":"wp","href":"https:\/\/api.w.org\/{rel}","templated":true}]}}