{"id":134121,"date":"2021-11-26T13:47:43","date_gmt":"2021-11-26T18:47:43","guid":{"rendered":"https:\/\/linitiative.ca\/International\/commission-internationale-pour-la-conservation-des-thonides-de-latlantique-le-maroc-fort-present-a-la-27eme-session-ordinaire\/"},"modified":"2021-11-26T13:47:43","modified_gmt":"2021-11-26T18:47:43","slug":"commission-internationale-pour-la-conservation-des-thonides-de-latlantique-le-maroc-fort-present-a-la-27eme-session-ordinaire","status":"publish","type":"post","link":"https:\/\/linitiative.ca\/International\/commission-internationale-pour-la-conservation-des-thonides-de-latlantique-le-maroc-fort-present-a-la-27eme-session-ordinaire\/","title":{"rendered":"Commission Internationale pour la Conservation des Thonid\u00e9s de l\u2019Atlantique: Le Maroc fort pr\u00e9sent \u00e0 la 27\u00e8me session ordinaire"},"content":{"rendered":"<div>\n<p><img loading=\"lazy\" decoding=\"async\" width=\"300\" height=\"153\" src=\"https:\/\/linitiative.ca\/International\/wp-content\/uploads\/sites\/23\/2021\/11\/Commission-Internationale-pour-la-Conservation-des-Thonides-de-lAtlantique-ICCAT-300x153-1.jpg\" class=\"attachment-medium size-medium wp-post-image\" alt=\"\" srcset=\"https:\/\/linitiative.ca\/International\/wp-content\/uploads\/sites\/23\/2021\/11\/Commission-Internationale-pour-la-Conservation-des-Thonides-de-lAtlantique-ICCAT-300x153-1.jpg 300w, https:\/\/aujourdhui.ma\/wp-content\/uploads\/2021\/11\/Commission-Internationale-pour-la-Conservation-des-Thonides-de-lAtlantique-ICCAT-274x140.jpg 274w, https:\/\/aujourdhui.ma\/wp-content\/uploads\/2021\/11\/Commission-Internationale-pour-la-Conservation-des-Thonides-de-lAtlantique-ICCAT.jpg 746w, https:\/\/aujourdhui.ma\/wp-content\/uploads\/2021\/11\/Commission-Internationale-pour-la-Conservation-des-Thonides-de-lAtlantique-ICCAT-165x84.jpg 165w, https:\/\/aujourdhui.ma\/wp-content\/uploads\/2021\/11\/Commission-Internationale-pour-la-Conservation-des-Thonides-de-lAtlantique-ICCAT-702x358.jpg 702w\" sizes=\"auto, (max-width: 300px) 100vw, 300px\"><\/p>\n<p><span style=\"font-size: 20px; color: #800000;\"><strong>La 27\u00e8me session ordinaire de la Commission de l\u2019ICCAT (Commission Internationale pour la Conservation des Thonid\u00e9s de l\u2019Atlantique) s\u2019est tenue, en visioconf\u00e9rence du 15 au 23 novembre 2021.<\/strong> <\/span><span id=\"more-392365\"><\/span><\/p>\n<p>Un \u00e9v\u00e9nement qui a rassembl\u00e9 52 Parties contractantes et 05 Parties, Entit\u00e9s ou Entit\u00e9s de p\u00eache non contractantes coop\u00e9rantes, ainsi que des observateurs membres d\u2019organisations non gouvernementales de p\u00eache (WWF, PEW, ISSF,\u2026). Cette pr\u00e9sence renforce l\u2019importance accrue de l\u2019ICCAT comme r\u00e9f\u00e9rence mondiale dans le domaine de la gestion durable des thonid\u00e9s et esp\u00e8ces apparent\u00e9es.<\/p>\n<p>L\u2019objectif de cette r\u00e9union \u00e9tant d\u2019\u00e9valuer les r\u00e9sultats du plan de travail de 2021 ainsi que l\u2019\u00e9tat actuel d\u2019application des mesures r\u00e9glementaires en vigueur, et afin d\u2019\u00e9tablir les strat\u00e9gies et les mesures de gestion pour l\u2019avenir des p\u00eacheries thoni\u00e8res et esp\u00e8ces apparent\u00e9es (thon rouge, thonid\u00e9s tropicaux (thon ob\u00e8se, listao, albacore), espadon, requins, makaires, germon,\u2026).<\/p>\n<p>A lui seul, le Royaume du Maroc a \u00e9t\u00e9, selon le minist\u00e8re de la P\u00eache Maritime, du D\u00e9veloppement Rural et des Eaux et For\u00eats, repr\u00e9sent\u00e9 par une importante d\u00e9l\u00e9gation compos\u00e9e de repr\u00e9sentants de l\u2019Administration et des repr\u00e9sentants de la profession. Cette d\u00e9l\u00e9gation a \u00e9t\u00e9 pr\u00e9sid\u00e9e par Zakia Driouich, Secr\u00e9taire G\u00e9n\u00e9rale du D\u00e9partement des P\u00eaches Maritimes pour pouvoir pr\u00e9server et d\u00e9fendre les int\u00e9r\u00eats et acquis au niveau national et international. \u00ab Cette r\u00e9union a \u00e9t\u00e9 marqu\u00e9e par les \u00e9lections des mandataires de la Commission. A ce propos, Mme Driouich, a \u00e9t\u00e9 nomm\u00e9e au poste de 1\u00e8re vice-pr\u00e9sidente de cette commission avec le soutien de plusieurs pays notamment, l\u2019UE, les pays africains membres de la COMHAFAT, Japon \u2026 \u00bb, pr\u00e9cise le d\u00e9partement de l\u2019agriculture qui rappelle que le Maroc a \u00e9t\u00e9 repr\u00e9sent\u00e9 par Mme Driouich, comme deuxi\u00e8me Vice- Pr\u00e9sidente de l\u2019ICCAT pendant 4 ans dans le bureau sortant.<\/p>\n<p>Lors de cette r\u00e9union virtuelle, la Commission a, selon la m\u00eame source, \u00ab reconduit la Recommandation de l\u2019ICCAT 19-02 \u00e9tablissant un plan pluriannuel de gestion du thon rouge dans l\u2019Atlantique Est et la M\u00e9diterran\u00e9e. Ainsi, le quota du Maroc n\u2019a pas chang\u00e9 par rapport \u00e0 2021, il est rest\u00e9 \u00e0 3284 tonnes pour l\u2019ann\u00e9e 2022 \u00bb.<\/p>\n<p>\u00ab Egalement, la Commission a reconduit la recommandation 19-02 relative au programme pluriannuel de conservation et de gestion des thonid\u00e9s tropicaux \u00bb, encha\u00eene le d\u00e9partement. Ainsi, le Total Autoris\u00e9 de Capture \u00ab TAC \u00bb pour le thon ob\u00e8se a \u00e9t\u00e9 port\u00e9 \u00e0 62.000 t au titre de 2022 et le TAC annuel pour l\u2019albacore demeurera au niveau actuel de 110.000 t. De m\u00eame d\u2019autres mesures de conservation et gestion ont \u00e9t\u00e9 reconduites notamment la fixation du nombre maximal de dispositifs de concentration du poisson (DCP) d\u00e9ploy\u00e9s par les navires \u00e0 300 avec une r\u00e9duction de la p\u00e9riode de fermeture de l\u2019utilisation des DCP soit du 1er janvier au 13 mars 2022. La d\u00e9l\u00e9gation marocaine a fortement d\u00e9fendu le droit des pays en c\u00f4tiers en d\u00e9veloppement y compris le Maroc dont l\u2019activit\u00e9 actuelle de p\u00eache du thon ob\u00e8se est limit\u00e9e, mais qui pr\u00e9sente un r\u00e9el int\u00e9r\u00eat pour la p\u00eache de cette esp\u00e8ce, et qui souhaitent \u00e9ventuellement d\u00e9velopper leur propre p\u00eacherie ciblant le thon ob\u00e8se \u00e0 l\u2019avenir.<\/p>\n<p>Concernant le stock de l\u2019espadon de l\u2019Atlantique, le Maroc a pu obtenir au titre de l\u2019ann\u00e9e 2022 en plus du quota actuel de 850 tonnes un quota suppl\u00e9mentaire de 195 tonnes transf\u00e9r\u00e9e du japon (150 tonnes) du Trinidad Tobago (25 tonnes) et du Taipei Chinois (20 tonnes).<\/p>\n<p>Aussi, plusieurs mesures de conservation et de gestion ont \u00e9t\u00e9 adopt\u00e9es pour les requins notamment le requin taupe bleu par le renforcement des mesures de contr\u00f4le pour la capture et la r\u00e9tention \u00e0 bord.<\/p>\n<p>Les d\u00e9lib\u00e9rations du Comit\u00e9 d\u2019application ont, une fois de plus, d\u00e9montr\u00e9 que le Maroc a, selon la m\u00eame source, \u00ab \u0153uvr\u00e9 pour la mise en place de toutes les mesures de conservation et de gestion adopt\u00e9es par l\u2019ICCAT, et de l\u00e0 le Maroc n\u2019a re\u00e7u aucune pr\u00e9occupation ou identification de la part de cette Commission \u00bb. En outre, il a \u00e9t\u00e9 d\u00e9cid\u00e9 de poursuivre les travaux sur le syst\u00e8me de d\u00e9claration en ligne. La Commission a aussi pris des mesures suppl\u00e9mentaires de suivi, contr\u00f4le et surveillance au sein du groupe de travail permanent, sur l\u2019am\u00e9lioration des statistiques et des mesures de conservation de l\u2019ICCAT qui est, pour rappel, une organisation de p\u00eache inter-gouvernementale responsable de la conservation des thonid\u00e9s et des esp\u00e8ces apparent\u00e9es de l\u2019oc\u00e9an Atlantique et de ses mers adjacentes. Les recommandations adopt\u00e9es par cette Commission sont contraignantes pour tous les pays membres y compris pour le Royaume du Maroc. En cas de non application ou non-conformit\u00e9 \u00e0 ces recommandations des mesures restrictives seront appliqu\u00e9es aux pays en question, notamment, l\u2019interdiction de leurs produits de p\u00eache \u00e0 l\u2019export.<\/p>\n<\/div>\n<p>Auteur: ALM<br \/>\n<a href=\"https:\/\/aujourdhui.ma\/economie\/commission-internationale-pour-la-conservation-des-thonides-de-latlantique-le-maroc-fort-present-a-la-27eme-session-ordinaire\">Cliquez ici pour lire l&rsquo;article depuis sa source.<\/a><\/p>\n","protected":false},"excerpt":{"rendered":"<p>La 27\u00e8me session ordinaire de la Commission de l\u2019ICCAT (Commission Internationale pour la Conservation des Thonid\u00e9s de l\u2019Atlantique) s\u2019est tenue, en visioconf\u00e9rence du 15 au 23 novembre 2021. Un \u00e9v\u00e9nement qui a rassembl\u00e9 52 Parties contractantes et 05 Parties, Entit\u00e9s ou Entit\u00e9s de p\u00eache non contractantes coop\u00e9rantes, ainsi que des observateurs membres d\u2019organisations non gouvernementales [&hellip;]<\/p>\n","protected":false},"author":1759,"featured_media":0,"comment_status":"closed","ping_status":"closed","sticky":false,"template":"","format":"standard","meta":{"fifu_image_url":"https:\/\/aujourdhui.ma\/wp-content\/uploads\/2021\/11\/Commission-Internationale-pour-la-Conservation-des-Thonides-de-lAtlantique-ICCAT-300x153.jpg","fifu_image_alt":"Commission Internationale pour la Conservation des Thonid\u00e9s de l\u2019Atlantique: Le Maroc fort pr\u00e9sent \u00e0 la 27\u00e8me session ordinaire","footnotes":""},"categories":[73,54],"tags":[],"class_list":["post-134121","post","type-post","status-publish","format-standard","hentry","category-actualite","category-maroc"],"_links":{"self":[{"href":"https:\/\/linitiative.ca\/International\/wp-json\/wp\/v2\/posts\/134121","targetHints":{"allow":["GET"]}}],"collection":[{"href":"https:\/\/linitiative.ca\/International\/wp-json\/wp\/v2\/posts"}],"about":[{"href":"https:\/\/linitiative.ca\/International\/wp-json\/wp\/v2\/types\/post"}],"author":[{"embeddable":true,"href":"https:\/\/linitiative.ca\/International\/wp-json\/wp\/v2\/users\/1759"}],"replies":[{"embeddable":true,"href":"https:\/\/linitiative.ca\/International\/wp-json\/wp\/v2\/comments?post=134121"}],"version-history":[{"count":0,"href":"https:\/\/linitiative.ca\/International\/wp-json\/wp\/v2\/posts\/134121\/revisions"}],"wp:attachment":[{"href":"https:\/\/linitiative.ca\/International\/wp-json\/wp\/v2\/media?parent=134121"}],"wp:term":[{"taxonomy":"category","embeddable":true,"href":"https:\/\/linitiative.ca\/International\/wp-json\/wp\/v2\/categories?post=134121"},{"taxonomy":"post_tag","embeddable":true,"href":"https:\/\/linitiative.ca\/International\/wp-json\/wp\/v2\/tags?post=134121"}],"curies":[{"name":"wp","href":"https:\/\/api.w.org\/{rel}","templated":true}]}}