{"id":134139,"date":"2021-11-27T06:45:46","date_gmt":"2021-11-27T11:45:46","guid":{"rendered":"https:\/\/linitiative.ca\/International\/essaouira-green-act-days-une-action-au-service-du-developpement-durable\/"},"modified":"2021-11-27T06:45:46","modified_gmt":"2021-11-27T11:45:46","slug":"essaouira-green-act-days-une-action-au-service-du-developpement-durable","status":"publish","type":"post","link":"https:\/\/linitiative.ca\/International\/essaouira-green-act-days-une-action-au-service-du-developpement-durable\/","title":{"rendered":"Essaouira Green Act Days: une action au service du d\u00e9veloppement durable"},"content":{"rendered":"<div>\n<div style=\"margin-bottom:20px;\"><img loading=\"lazy\" decoding=\"async\" width=\"750\" height=\"430\" src=\"https:\/\/linitiative.ca\/International\/wp-content\/uploads\/sites\/23\/2021\/11\/plage_essaouira.jpg\" class=\"attachment-post-thumbnail size-post-thumbnail wp-post-image\" alt=\"\" srcset=\"https:\/\/linitiative.ca\/International\/wp-content\/uploads\/sites\/23\/2021\/11\/plage_essaouira.jpg 750w, http:\/\/www.mapmarrakech.ma\/map\/uploads\/2021\/10\/plage_essaouira-300x172.jpg 300w\" sizes=\"auto, (max-width: 750px) 100vw, 750px\"><\/div>\n<div>\n<p>Initi\u00e9e par le Centre International de Recherche et de Renforcement des Capacit\u00e9s (CI2RC), relevant de l\u2019Ecole Sup\u00e9rieure de Technologie \u00e0 Essaouira, en partenariat avec la Fondation Friedrich Naumann pour la libert\u00e9, cette manifestation \u00e9cologique par excellence constitue un \u00e9v\u00e9nement qui offrira aux jeunes de la Cit\u00e9 des Aliz\u00e9s et \u00e0 la soci\u00e9t\u00e9 civile locale l\u2019opportunit\u00e9 de mener des actions citoyennes, \u00e9cologiques et solidaires dans le cadre d\u2019une approche participative marqu\u00e9e du sceau de l\u2019esprit innovateur et de l\u2019intelligence collective.<\/p>\n<p>Organis\u00e9e \u00e0 l\u2019occasion de la Journ\u00e9e internationale de la ville, cette manifestation est \u00e9galement l\u2019occasion d\u2019impliquer les acteurs et les jeunes de la ville dans des ateliers ax\u00e9s sur les diff\u00e9rentes composantes et aspects de la th\u00e9matique de la durabilit\u00e9.<\/p>\n<p>S\u2019exprimant en ouverture de cet \u00e9v\u00e9nement, la pr\u00e9sidente du CI2RC, Mme Kholoud Kahime, a soulign\u00e9 que la ville d\u2019Essaouira dispose de tous les atouts \u00e0 m\u00eame de l\u2019\u00e9riger en une cit\u00e9 \u00e9cologique par excellence, citant dans ce sens notamment la taille de la ville, l\u2019absence d\u2019usines et de plateformes industrielles et le genre de mobilit\u00e9 qui y pr\u00e9domine.<\/p>\n<p>Des caract\u00e9ristiques \u00e0 m\u00eame de favoriser la r\u00e9alisation de cet objectif, a-t-elle estim\u00e9, tout en insistant sur la n\u00e9cessit\u00e9 de la sensibilisation des citoyens \u00e0 certaines pratiques citoyennes afin de les engager davantage dans la protection et la pr\u00e9servation de l\u2019environnement.<\/p>\n<p>C\u2019est dans ce sens, a-t-elle encha\u00een\u00e9, qu\u2019intervient l\u2019organisation de cette manifestation, avec \u00e0 la cl\u00e9 un programme riche en activit\u00e9s et actions \u00e0 vocation \u00e9cologique.<\/p>\n<p>De son c\u00f4t\u00e9, le professeur Mohamed Hadach, secr\u00e9taire g\u00e9n\u00e9ral de l\u2019EST d\u2019Essaouira et membre du CI2RC, a indiqu\u00e9 que l\u2019organisation de cet \u00e9v\u00e9nement, fruit d\u2019un effort concert\u00e9 de diff\u00e9rents partenaires et parties prenantes, \u00e9mane de la conviction du CI2RC qu\u2019il est temps de passer \u00e0 l\u2019action pour l\u2019ensemble des acteurs en vue de la r\u00e9alisation du d\u00e9veloppement durable.<\/p>\n<p>A l\u2019issue de la s\u00e9ance d\u2019ouverture, une table ronde inaugurale autour du \u00ab\u00a0D\u00e9veloppement durable des territoires : du discours \u00e0 l\u2019action\u00a0\u00bb a \u00e9t\u00e9 organis\u00e9e avec la participation d\u2019un panel d\u2019acteurs de divers horizons (culturel, \u00e9conomique, social, \u00e9cologique,\u2026), marquant ainsi le lancement des activit\u00e9s programm\u00e9es trois jours durant dans le cadre de cette manifestation.<\/p>\n<p>Au menu figurent \u00e9galement des ateliers autour de th\u00e8mes se rapportant au \u00ab\u00a0compostage et fabrication du savon\u00a0\u00bb, \u00e0 \u00ab\u00a0l\u2019extraction des huiles essentielles et la valorisation des produits de terroirs\u00a0\u00bb, au \u00ab\u00a0recyclage et la peinture\u00a0\u00bb et \u00e0 la sensibilisation sur la question environnementale.<\/p>\n<p>Le point d\u2019orgue de cette manifestation est l\u2019organisation d\u2019une tourn\u00e9e \u00e0 v\u00e9lo, dont le d\u00e9part est pr\u00e9vu dimanche matin \u00e0 El Ghazoua (nouvelle ville) vers la place Moulay El Hassan, pour sensibiliser aussi bien les habitants que les visiteurs de la Cit\u00e9 des Aliz\u00e9s quant \u00e0 l\u2019importance de la mobilit\u00e9 douce et son impact sur l\u2019environnement, outre une action de nettoyage de la plage de la ville.<\/p>\n<p>A noter qu\u2019une journ\u00e9e \u00ab\u00a0Kick off\u00a0\u00bb de cette manifestation a \u00e9t\u00e9 organis\u00e9e, r\u00e9cemment dans la cit\u00e9 des Aliz\u00e9s, avec \u00e0 la cl\u00e9 une premi\u00e8re pr\u00e9sentation des diff\u00e9rentes facettes de la durabilit\u00e9 et du d\u00e9veloppement durable.<\/p>\n<p>Cette journ\u00e9e a \u00e9t\u00e9 l\u2019occasion pour les participants, notamment la \u00ab\u00a0Green team\u00a0\u00bb, de discuter de la vision globale et de fixer les objectifs et les actions \u00e0 entreprendre lors de ladite semaine.<\/p>\n<\/div>\n<p>The post <a rel=\"nofollow\" href=\"http:\/\/www.mapmarrakech.ma\/fr\/essaouira-green-act-days-une-initiative-au-service-du-developpement-durable\/\">Essaouira Green Act Days: une action au service du d\u00e9veloppement durable<\/a> appeared first on <a rel=\"nofollow\" href=\"http:\/\/www.mapmarrakech.ma\/fr\">MapMarrakech<\/a>.<\/p>\n<\/div>\n<p>Auteur: Meriem IGASS<br \/>\n<a href=\"http:\/\/www.mapmarrakech.ma\/fr\/essaouira-green-act-days-une-initiative-au-service-du-developpement-durable\/\">Cliquez ici pour lire l&rsquo;article depuis sa source.<\/a><\/p>\n","protected":false},"excerpt":{"rendered":"<p>Initi\u00e9e par le Centre International de Recherche et de Renforcement des Capacit\u00e9s (CI2RC), relevant de l\u2019Ecole Sup\u00e9rieure de Technologie \u00e0 Essaouira, en partenariat avec la Fondation Friedrich Naumann pour la libert\u00e9, cette manifestation \u00e9cologique par excellence constitue un \u00e9v\u00e9nement qui offrira aux jeunes de la Cit\u00e9 des Aliz\u00e9s et \u00e0 la soci\u00e9t\u00e9 civile locale l\u2019opportunit\u00e9 [&hellip;]<\/p>\n","protected":false},"author":1788,"featured_media":0,"comment_status":"closed","ping_status":"closed","sticky":false,"template":"","format":"standard","meta":{"fifu_image_url":"http:\/\/www.mapmarrakech.ma\/map\/uploads\/2021\/10\/plage_essaouira.jpg","fifu_image_alt":"Essaouira Green Act Days: une action au service du d\u00e9veloppement durable","footnotes":""},"categories":[54,76],"tags":[],"class_list":["post-134139","post","type-post","status-publish","format-standard","hentry","category-maroc","category-regions"],"_links":{"self":[{"href":"https:\/\/linitiative.ca\/International\/wp-json\/wp\/v2\/posts\/134139","targetHints":{"allow":["GET"]}}],"collection":[{"href":"https:\/\/linitiative.ca\/International\/wp-json\/wp\/v2\/posts"}],"about":[{"href":"https:\/\/linitiative.ca\/International\/wp-json\/wp\/v2\/types\/post"}],"author":[{"embeddable":true,"href":"https:\/\/linitiative.ca\/International\/wp-json\/wp\/v2\/users\/1788"}],"replies":[{"embeddable":true,"href":"https:\/\/linitiative.ca\/International\/wp-json\/wp\/v2\/comments?post=134139"}],"version-history":[{"count":0,"href":"https:\/\/linitiative.ca\/International\/wp-json\/wp\/v2\/posts\/134139\/revisions"}],"wp:attachment":[{"href":"https:\/\/linitiative.ca\/International\/wp-json\/wp\/v2\/media?parent=134139"}],"wp:term":[{"taxonomy":"category","embeddable":true,"href":"https:\/\/linitiative.ca\/International\/wp-json\/wp\/v2\/categories?post=134139"},{"taxonomy":"post_tag","embeddable":true,"href":"https:\/\/linitiative.ca\/International\/wp-json\/wp\/v2\/tags?post=134139"}],"curies":[{"name":"wp","href":"https:\/\/api.w.org\/{rel}","templated":true}]}}