{"id":134141,"date":"2021-11-27T12:57:59","date_gmt":"2021-11-27T17:57:59","guid":{"rendered":"https:\/\/linitiative.ca\/International\/focus-sur-le-programme-soutenir-linsertion-economique-des-jeunes\/"},"modified":"2021-11-27T12:57:59","modified_gmt":"2021-11-27T17:57:59","slug":"focus-sur-le-programme-soutenir-linsertion-economique-des-jeunes","status":"publish","type":"post","link":"https:\/\/linitiative.ca\/International\/focus-sur-le-programme-soutenir-linsertion-economique-des-jeunes\/","title":{"rendered":"Focus sur le programme \u00ab\u00a0Soutenir l\u2019insertion \u00e9conomique des jeunes\u00a0\u00bb"},"content":{"rendered":"<div>\n<div style=\"margin-bottom:20px;\"><img loading=\"lazy\" decoding=\"async\" width=\"750\" height=\"430\" src=\"https:\/\/linitiative.ca\/International\/wp-content\/uploads\/sites\/23\/2021\/11\/enactus-copier.jpg\" class=\"attachment-post-thumbnail size-post-thumbnail wp-post-image\" alt=\"\" srcset=\"https:\/\/linitiative.ca\/International\/wp-content\/uploads\/sites\/23\/2021\/11\/enactus-copier.jpg 750w, http:\/\/www.mapmarrakech.ma\/map\/uploads\/2021\/11\/enactus-copier-300x172.jpg 300w\" sizes=\"auto, (max-width: 750px) 100vw, 750px\"><\/div>\n<p>Organis\u00e9e en partenariat, notamment avec le Centre R\u00e9gional d\u2019Investissement (CRI) et la Chambre de Commerce, d\u2019Industrie et de Services (CCIS) de Marrakech-Safi, cette journ\u00e9e de Networking a offert l\u2019opportunit\u00e9 \u00e0 des jeunes entrepreneurs issus des 12 r\u00e9gions du Maroc, de pr\u00e9senter leurs projets et innovations sociales, \u00e0 m\u00eame de r\u00e9pondre aux challenges pressants de la soci\u00e9t\u00e9 mais aussi, d\u2019\u00e9changer et partager leurs exp\u00e9riences et expertises en la mati\u00e8re.<\/p>\n<p>Rehauss\u00e9 par la pr\u00e9sence du wali de la r\u00e9gion Marrakech-Safi, gouverneur de la pr\u00e9fecture de Marrakech, M. Karim Kassi-Lahlou, le pr\u00e9sident d\u2019Enactus Morocco, M. Majid Kaissar El Ghaib, le directeur g\u00e9n\u00e9ral du CRI de Marrakech-Safi, M. Yassine Mseffer et des \u00e9lus locaux, cet \u00e9v\u00e9nement d\u2019envergure nationale a \u00e9t\u00e9 riche en ateliers de formation ax\u00e9s sur le leadership des jeunes, l\u2019innovation et l\u2019entrepreneuriat port\u00e9 par cette frange de la soci\u00e9t\u00e9.<\/p>\n<p>Intervenant \u00e0 la c\u00e9r\u00e9monie d\u2019ouverture de cet \u00e9v\u00e9nement, M. Kassi-Lahlou, a mis en relief les actions men\u00e9es par \u00ab\u00a0Enactus Morocco\u00a0\u00bb ayant permis de d\u00e9velopper un mod\u00e8le pionnier dans le domaine de la promotion des entreprises, notamment les Tr\u00e8s Petites Entreprises (TPE), et l\u2019accompagnement des jeunes porteurs de projets, \u00e0 travers plusieurs approches innovantes, sessions de formation, conf\u00e9rences et concours.<\/p>\n<p>Dans ce cadre, il a pass\u00e9 en revue les diff\u00e9rents programmes et initiatives men\u00e9s au service de la promotion de l\u2019entrepreneuriat et l\u2019accompagnement des jeunes porteurs de projets au niveau de la r\u00e9gion Marrakech-Safi, mettant l\u2019accent sur les programmes port\u00e9s par l\u2019Initiative Nationale pour le D\u00e9veloppement Humain (INDH) en plus du programme \u00ab\u00a0Soutenir l\u2019insertion \u00e9conomique des jeunes\u00a0\u00bb, objet de la convention de partenariat sign\u00e9e entre le Maroc et la Banque Mondiale au niveau de la r\u00e9gion et dont, Enactus Morocco est un partenaire de l\u2019INDH dans le cadre de sa mise en \u0153uvre dans la pr\u00e9fecture de Marrakech comme dans la province de Safi.<\/p>\n<p>\u00ab\u00a0Ce programme constitue un projet pionnier au service de l\u2019appui de l\u2019insertion \u00e9conomique des jeunes en tant que priorit\u00e9 des politiques publiques \u00e0 travers l\u2019am\u00e9lioration de l\u2019employabilit\u00e9, l\u2019insertion \u00e9conomique des jeunes, l\u2019appui \u00e0 leur entrepreneuriat, et le d\u00e9veloppement des chaines de production \u00e0 forte valeur d\u2019employabilit\u00e9, a-t-il ajout\u00e9.<\/p>\n<p>Dans ce contexte, il a tenu \u00e0 pr\u00e9ciser que pr\u00e8s de 3.411 jeunes porteurs de projets ont b\u00e9n\u00e9fici\u00e9 de l\u2019accompagnement dans la phase pr\u00e9-cr\u00e9ation, et 639 autres dans l\u2019\u00e9tape post-cr\u00e9ation dans le cadre de l\u2019INDH, avec la cr\u00e9ation de 580 entreprises au profit de jeunes \u00e2g\u00e9s entre 18 et 34 ans, tout en faisant b\u00e9n\u00e9ficier 3.405 jeunes de programmes de formation par apprentissage et 1.300 autres de caravanes de sensibilisation organis\u00e9es \u00e0 la faveur du monde rural.<\/p>\n<p>Dans le cadre de la m\u00eame approche, de grands efforts sont consentis pour d\u00e9velopper des programmes similaires au profit des jeunes et femmes du monde rural, et ce conform\u00e9ment aux Hautes Orientations de Sa Majest\u00e9 le Roi Mohammed VI, \u00e0 travers la mobilisation d\u2019un million de hectares de terres soulaliyates au niveau national et l\u2019appui des projets et des activit\u00e9s g\u00e9n\u00e9ratrices de revenus (AGR), dans la perspective de l\u2019\u00e9mergence d\u2019une classe moyenne en milieu rural, a-t-il indiqu\u00e9.<\/p>\n<p>De son c\u00f4t\u00e9, le premier vice-pr\u00e9sident de la CCIS de Marrakech-Safi, M. Abdelmoula Ballouty, a salu\u00e9 l\u2019initiative de l\u2019organisation de ce S\u00e9minaire visant \u00e0 appuyer les initiatives entrepreneuriales \u00e9mergentes, relevant que les PME et TPE b\u00e9n\u00e9ficient d\u2019une attention particuli\u00e8re au sein du tissu \u00e9conomique national, eu \u00e9gard \u00e0 leur grande contribution \u00e0 la cr\u00e9ation de la valeur ajout\u00e9e et des postes d\u2019emploi.<\/p>\n<p>Dans une d\u00e9claration \u00e0 M24, la chaine t\u00e9l\u00e9vis\u00e9e de l\u2019information en continu de la MAP, \u00a0le directeur du P\u00f4le impulsion \u00e9conomique et offre territoriale au CRI Marrakech-Safi, M. Mohamed Amine Sabibi, a fait savoir que l\u2019insertion par l\u2019employabilit\u00e9 et par l\u2019entrepreneuriat est au c\u0153ur du Nouveau Mod\u00e8le de D\u00e9veloppement (NMD) et des strat\u00e9gies nationales, avec un \u00e9cosyst\u00e8me qui se compl\u00e8te et de nouveaux produits de financement, tels que \u00ab\u00a0Intelaka\u00a0\u00bb, \u00ab\u00a0Forsa\u00a0\u00bb ou \u00ab\u00a0Awrach\u00a0\u00bb qui sera lanc\u00e9 bient\u00f4t, ou encore des programmes \u00e0 caract\u00e8re socio\u00e9conomique comme celui : \u00ab\u00a0Soutenir l\u2019insertion \u00e9conomique des jeunes\u00a0\u00bb, qui r\u00e9unit des acteurs de diff\u00e9rentes natures, qui travaillent tous ensemble pour l\u2019\u00e9panouissement et la lib\u00e9ration des talents des jeunes.<\/p>\n<p>Le s\u00e9minaire d\u2019aujourd\u2019hui vise \u00e0 c\u00e9l\u00e9brer les r\u00e9alisations \u00ab\u00a0positives\u00a0\u00bb et \u00ab\u00a0encourageantes\u00a0\u00bb des jeunes dans le cadre de ce dernier programme, a-t-il fait poursuivi.<\/p>\n<p>Au programme de cet \u00e9v\u00e9nement figurent trois ateliers riches en expertises et en opportunit\u00e9s, anim\u00e9s par les partenaires de ce programme \u00e0 savoir le CRI de Marrakech-Safi, The Stevens Initiative et Cisco.<\/p>\n<p>Ces ateliers portent sur \u00ab\u00a0l\u2019offre r\u00e9gionale du CRI au profit des entrepreneurs\u00a0\u00bb, \u00ab\u00a0Le pouvoir de la collaboration et de la cr\u00e9ation d\u2019une initiative mondiale significative\u00a0\u00bb et \u00ab\u00a0la technologie au service des entrepreneurs\u00a0\u00bb.<\/p>\n<p>The post <a rel=\"nofollow\" href=\"http:\/\/www.mapmarrakech.ma\/fr\/focus-sur-le-programme-soutenir-linsertion-economique-des-jeunes\/\">Focus sur le programme \u00ab\u00a0Soutenir l\u2019insertion \u00e9conomique des jeunes\u00a0\u00bb<\/a> appeared first on <a rel=\"nofollow\" href=\"http:\/\/www.mapmarrakech.ma\/fr\">MapMarrakech<\/a>.<\/p>\n<\/div>\n<p>Auteur: Meriem IGASS<br \/>\n<a href=\"http:\/\/www.mapmarrakech.ma\/fr\/focus-sur-le-programme-soutenir-linsertion-economique-des-jeunes\/\">Cliquez ici pour lire l&rsquo;article depuis sa source.<\/a><\/p>\n","protected":false},"excerpt":{"rendered":"<p>Organis\u00e9e en partenariat, notamment avec le Centre R\u00e9gional d\u2019Investissement (CRI) et la Chambre de Commerce, d\u2019Industrie et de Services (CCIS) de Marrakech-Safi, cette journ\u00e9e de Networking a offert l\u2019opportunit\u00e9 \u00e0 des jeunes entrepreneurs issus des 12 r\u00e9gions du Maroc, de pr\u00e9senter leurs projets et innovations sociales, \u00e0 m\u00eame de r\u00e9pondre aux challenges pressants de la [&hellip;]<\/p>\n","protected":false},"author":1788,"featured_media":0,"comment_status":"closed","ping_status":"closed","sticky":false,"template":"","format":"standard","meta":{"fifu_image_url":"http:\/\/www.mapmarrakech.ma\/map\/uploads\/2021\/11\/enactus-copier.jpg","fifu_image_alt":"Focus sur le programme \u00ab\u00a0Soutenir l\u2019insertion \u00e9conomique des jeunes\u00a0\u00bb","footnotes":""},"categories":[54,76],"tags":[],"class_list":["post-134141","post","type-post","status-publish","format-standard","hentry","category-maroc","category-regions"],"_links":{"self":[{"href":"https:\/\/linitiative.ca\/International\/wp-json\/wp\/v2\/posts\/134141","targetHints":{"allow":["GET"]}}],"collection":[{"href":"https:\/\/linitiative.ca\/International\/wp-json\/wp\/v2\/posts"}],"about":[{"href":"https:\/\/linitiative.ca\/International\/wp-json\/wp\/v2\/types\/post"}],"author":[{"embeddable":true,"href":"https:\/\/linitiative.ca\/International\/wp-json\/wp\/v2\/users\/1788"}],"replies":[{"embeddable":true,"href":"https:\/\/linitiative.ca\/International\/wp-json\/wp\/v2\/comments?post=134141"}],"version-history":[{"count":0,"href":"https:\/\/linitiative.ca\/International\/wp-json\/wp\/v2\/posts\/134141\/revisions"}],"wp:attachment":[{"href":"https:\/\/linitiative.ca\/International\/wp-json\/wp\/v2\/media?parent=134141"}],"wp:term":[{"taxonomy":"category","embeddable":true,"href":"https:\/\/linitiative.ca\/International\/wp-json\/wp\/v2\/categories?post=134141"},{"taxonomy":"post_tag","embeddable":true,"href":"https:\/\/linitiative.ca\/International\/wp-json\/wp\/v2\/tags?post=134141"}],"curies":[{"name":"wp","href":"https:\/\/api.w.org\/{rel}","templated":true}]}}