{"id":134145,"date":"2021-11-26T16:01:07","date_gmt":"2021-11-26T21:01:07","guid":{"rendered":"https:\/\/linitiative.ca\/International\/coupe-de-la-caf-la-rs-berkane-au-rwanda-pour-defier-lapr\/"},"modified":"2021-11-26T16:01:07","modified_gmt":"2021-11-26T21:01:07","slug":"coupe-de-la-caf-la-rs-berkane-au-rwanda-pour-defier-lapr","status":"publish","type":"post","link":"https:\/\/linitiative.ca\/International\/coupe-de-la-caf-la-rs-berkane-au-rwanda-pour-defier-lapr\/","title":{"rendered":"Coupe de la CAF : la RS Berkane au Rwanda pour d\u00e9fier l\u2019APR"},"content":{"rendered":"<div>\n<div style=\"margin-bottom:20px;\"><img loading=\"lazy\" decoding=\"async\" width=\"750\" height=\"430\" src=\"https:\/\/linitiative.ca\/International\/wp-content\/uploads\/sites\/23\/2021\/11\/RSB-Logo-750C397430-DR.jpg\" class=\"attachment-post-thumbnail size-post-thumbnail wp-post-image\" alt=\"\" srcset=\"https:\/\/linitiative.ca\/International\/wp-content\/uploads\/sites\/23\/2021\/11\/RSB-Logo-750C397430-DR.jpg 750w, http:\/\/www.mapoujda.ma\/map\/uploads\/2020\/12\/RSB-Logo-750\u00d7430-DR-300x172.jpg 300w\" sizes=\"auto, (max-width: 750px) 100vw, 750px\"><\/div>\n<p style=\"text-align: justify;\">La d\u00e9l\u00e9gation de l\u2019\u00e9quipe de la Renaissance de Berkane est arriv\u00e9e, vendredi soir \u00e0 l\u2019a\u00e9roport international de Kigali, en pr\u00e9vision du match qu\u2019elle disputera, dimanche, face \u00e0 l\u2019Arm\u00e9e patriotique rwandaise (APR) dans le cadre de la premi\u00e8re manche du deuxi\u00e8me tour pr\u00e9liminaire de la Coupe de la CAF.<\/p>\n<p style=\"text-align: justify;\">Les Berkanis, qualifi\u00e9s sans difficult\u00e9s pour le second tour pr\u00e9liminaire additionnel de la Coupe de la CAF, d\u00e9fieront la formation rwandaise coach\u00e9e par le belgo-marocain Mohammed Adil Erradi, pour acc\u00e9der \u00e0 la phase de groupes de la comp\u00e9tition.<\/p>\n<p style=\"text-align: justify;\">Ce match barrage se tiendra au stade Amahoro dans la capitale rwandaise.<\/p>\n<p style=\"text-align: justify;\">Invincibles dans la Botola Inwi D1 pendant 11 journ\u00e9es, les hommes de Florant Ibenge, en pleine confiance, ont visiblement la faveur des pronostics face \u00e0 leurs homologues rwandais, 14 fois champions du Rwanda.<\/p>\n<p style=\"text-align: justify;\">Le club de l\u2019Oriental, qui compte une des lignes d\u2019attaque les plus performantes de la Botola avec pas moins de 14 buts inscrits en 11 matchs, vise \u00e0 accomplir un r\u00e9sultat favorable au match aller en pr\u00e9vision de la manche retour, pr\u00e9vue le dimanche 5 d\u00e9cembre \u00e0 Berkane.<\/p>\n<p style=\"text-align: justify;\">Le Renaissance de Berkane reprend ainsi la course pour le titre de cette \u00e9dition, un mois apr\u00e8s avoir \u00e9trill\u00e9 les Tunisiens de l\u2019US Ben Guerdane lors du second tour pr\u00e9liminaire de la Coupe de la CAF.<\/p>\n<p>L\u2019article <a rel=\"nofollow\" href=\"http:\/\/www.mapoujda.ma\/fr\/coupe-de-la-caf-la-rs-berkane-au-rwanda-pour-defier-lapr\/\">Coupe de la CAF : la RS Berkane au Rwanda pour d\u00e9fier l\u2019APR<\/a> est apparu en premier sur <a rel=\"nofollow\" href=\"http:\/\/www.mapoujda.ma\/fr\">MapOujda<\/a>.<\/p>\n<\/div>\n<p>Auteur: Soufiane ELAHMAR<br \/>\n<a href=\"http:\/\/www.mapoujda.ma\/fr\/coupe-de-la-caf-la-rs-berkane-au-rwanda-pour-defier-lapr\/\">Cliquez ici pour lire l&rsquo;article depuis sa source.<\/a><\/p>\n","protected":false},"excerpt":{"rendered":"<p>La d\u00e9l\u00e9gation de l\u2019\u00e9quipe de la Renaissance de Berkane est arriv\u00e9e, vendredi soir \u00e0 l\u2019a\u00e9roport international de Kigali, en pr\u00e9vision du match qu\u2019elle disputera, dimanche, face \u00e0 l\u2019Arm\u00e9e patriotique rwandaise (APR) dans le cadre de la premi\u00e8re manche du deuxi\u00e8me tour pr\u00e9liminaire de la Coupe de la CAF. Les Berkanis, qualifi\u00e9s sans difficult\u00e9s pour le [&hellip;]<\/p>\n","protected":false},"author":1788,"featured_media":0,"comment_status":"closed","ping_status":"closed","sticky":false,"template":"","format":"standard","meta":{"fifu_image_url":"http:\/\/www.mapoujda.ma\/map\/uploads\/2020\/12\/RSB-Logo-750\u00d7430-DR.jpg","fifu_image_alt":"Coupe de la CAF : la RS Berkane au Rwanda pour d\u00e9fier l\u2019APR","footnotes":""},"categories":[54,76],"tags":[],"class_list":["post-134145","post","type-post","status-publish","format-standard","hentry","category-maroc","category-regions"],"_links":{"self":[{"href":"https:\/\/linitiative.ca\/International\/wp-json\/wp\/v2\/posts\/134145","targetHints":{"allow":["GET"]}}],"collection":[{"href":"https:\/\/linitiative.ca\/International\/wp-json\/wp\/v2\/posts"}],"about":[{"href":"https:\/\/linitiative.ca\/International\/wp-json\/wp\/v2\/types\/post"}],"author":[{"embeddable":true,"href":"https:\/\/linitiative.ca\/International\/wp-json\/wp\/v2\/users\/1788"}],"replies":[{"embeddable":true,"href":"https:\/\/linitiative.ca\/International\/wp-json\/wp\/v2\/comments?post=134145"}],"version-history":[{"count":0,"href":"https:\/\/linitiative.ca\/International\/wp-json\/wp\/v2\/posts\/134145\/revisions"}],"wp:attachment":[{"href":"https:\/\/linitiative.ca\/International\/wp-json\/wp\/v2\/media?parent=134145"}],"wp:term":[{"taxonomy":"category","embeddable":true,"href":"https:\/\/linitiative.ca\/International\/wp-json\/wp\/v2\/categories?post=134145"},{"taxonomy":"post_tag","embeddable":true,"href":"https:\/\/linitiative.ca\/International\/wp-json\/wp\/v2\/tags?post=134145"}],"curies":[{"name":"wp","href":"https:\/\/api.w.org\/{rel}","templated":true}]}}