{"id":134154,"date":"2021-11-27T09:39:00","date_gmt":"2021-11-27T14:39:00","guid":{"rendered":"https:\/\/linitiative.ca\/International\/real-ancelotti-ne-veut-pas-se-battre-avec-leonardo-au-sujet-de-mbappe\/"},"modified":"2021-11-27T09:39:00","modified_gmt":"2021-11-27T14:39:00","slug":"real-ancelotti-ne-veut-pas-se-battre-avec-leonardo-au-sujet-de-mbappe","status":"publish","type":"post","link":"https:\/\/linitiative.ca\/International\/real-ancelotti-ne-veut-pas-se-battre-avec-leonardo-au-sujet-de-mbappe\/","title":{"rendered":"Real : Ancelotti ne veut pas se battre avec Leonardo au sujet de Mbapp\u00e9"},"content":{"rendered":"<div>En octobre dernier, le directeur sportif du PSG Leonardo a d\u00e9plor\u00e9 le manque de respect du Real Madrid par rapport \u00e0 Kylian Mbapp\u00e9 (22 ans), en fin de contrat en juin prochain<\/div>\n<p>Auteur:<br \/>\n<a href=\"https:\/\/www.lebuteur.com\/article\/detail?titre=real-ancelotti-ne-veut-pas-se-battre-avec-leonardo-au-sujet-de-mbappe&#038;id=101671\">Cliquez ici pour lire l&rsquo;article depuis sa source.<\/a><\/p>\n","protected":false},"excerpt":{"rendered":"<p>En octobre dernier, le directeur sportif du PSG Leonardo a d\u00e9plor\u00e9 le manque de respect du Real Madrid par rapport \u00e0 Kylian Mbapp\u00e9 (22 ans), en fin de contrat en juin prochain Auteur: Cliquez ici pour lire l&rsquo;article depuis sa source.<\/p>\n","protected":false},"author":1738,"featured_media":0,"comment_status":"closed","ping_status":"closed","sticky":false,"template":"","format":"standard","meta":{"fifu_image_url":"","fifu_image_alt":"","footnotes":""},"categories":[53,75],"tags":[],"class_list":["post-134154","post","type-post","status-publish","format-standard","hentry","category-algerie","category-sport"],"_links":{"self":[{"href":"https:\/\/linitiative.ca\/International\/wp-json\/wp\/v2\/posts\/134154","targetHints":{"allow":["GET"]}}],"collection":[{"href":"https:\/\/linitiative.ca\/International\/wp-json\/wp\/v2\/posts"}],"about":[{"href":"https:\/\/linitiative.ca\/International\/wp-json\/wp\/v2\/types\/post"}],"author":[{"embeddable":true,"href":"https:\/\/linitiative.ca\/International\/wp-json\/wp\/v2\/users\/1738"}],"replies":[{"embeddable":true,"href":"https:\/\/linitiative.ca\/International\/wp-json\/wp\/v2\/comments?post=134154"}],"version-history":[{"count":0,"href":"https:\/\/linitiative.ca\/International\/wp-json\/wp\/v2\/posts\/134154\/revisions"}],"wp:attachment":[{"href":"https:\/\/linitiative.ca\/International\/wp-json\/wp\/v2\/media?parent=134154"}],"wp:term":[{"taxonomy":"category","embeddable":true,"href":"https:\/\/linitiative.ca\/International\/wp-json\/wp\/v2\/categories?post=134154"},{"taxonomy":"post_tag","embeddable":true,"href":"https:\/\/linitiative.ca\/International\/wp-json\/wp\/v2\/tags?post=134154"}],"curies":[{"name":"wp","href":"https:\/\/api.w.org\/{rel}","templated":true}]}}