{"id":134161,"date":"2021-11-27T17:10:05","date_gmt":"2021-11-27T22:10:05","guid":{"rendered":"https:\/\/linitiative.ca\/International\/les-defis-majeurs-du-systeme-commercial-multilateral-actuel-et-les-moyens-susceptibles-de-les-relever\/"},"modified":"2021-11-27T17:10:05","modified_gmt":"2021-11-27T22:10:05","slug":"les-defis-majeurs-du-systeme-commercial-multilateral-actuel-et-les-moyens-susceptibles-de-les-relever","status":"publish","type":"post","link":"https:\/\/linitiative.ca\/International\/les-defis-majeurs-du-systeme-commercial-multilateral-actuel-et-les-moyens-susceptibles-de-les-relever\/","title":{"rendered":"Les d\u00e9fis majeurs du syst\u00e8me commercial multilat\u00e9ral actuel et les moyens susceptibles de les relever"},"content":{"rendered":"<div><img decoding=\"async\" src=\"https:\/\/linitiative.ca\/International\/wp-content\/uploads\/sites\/23\/2021\/11\/1637917802_article.jpg\" alt=\"Les d\u00e9fis majeurs du syst\u00e8me commercial multilat\u00e9ral actuel et les moyens susceptibles de les relever\" align=\"left\">Par Afif Traouli &#8211; En pr\u00e9vision de la prochaine conf\u00e9rence minist\u00e9rielle de l\u2019OMC qui se tiend \u00e0 Gen\u00e8ve du 30 novembre au 3 d\u00e9cembre 2021 et compte tenu de la conjoncture produite par la pand\u00e9mie mondiale et la crise de l\u2019OMC, deux solutions concr\u00e8tes pourraient relancer les n\u00e9gociations dans le cadre du cycle de Doha: le r\u00e9examen du traitement sp\u00e9cial et diff\u00e9renci\u00e9 et le basculement du mod\u00e8le consensuel de n\u00e9gociation \u00e0 un mod\u00e8le de masse critique d\u2019Etats.<br \/>\n1. La situation actuelle du syst\u00e8me international de commerce et d\u2019investissement (SICI)<br \/>\nLa similitude de la structuration g\u00e9ographique des \u00e9changes commerciaux internationaux et des Investissement Directs &#8230;<\/p>\n<\/div>\n<p>Auteur:<br \/>\n<a href=\"https:\/\/www.leaders.com.tn\/article\/32704-les-defis-majeurs-du-systeme-commercial-multilateral-actuel-et-les-moyens-susceptibles-de-les-relever\">Cliquez ici pour lire l&rsquo;article depuis sa source.<\/a><\/p>\n","protected":false},"excerpt":{"rendered":"<p>Par Afif Traouli &#8211; En pr\u00e9vision de la prochaine conf\u00e9rence minist\u00e9rielle de l\u2019OMC qui se tiend \u00e0 Gen\u00e8ve du 30 novembre au 3 d\u00e9cembre 2021 et compte tenu de la conjoncture produite par la pand\u00e9mie mondiale et la crise de l\u2019OMC, deux solutions concr\u00e8tes pourraient relancer les n\u00e9gociations dans le cadre du cycle de Doha: [&hellip;]<\/p>\n","protected":false},"author":1772,"featured_media":0,"comment_status":"closed","ping_status":"closed","sticky":false,"template":"","format":"standard","meta":{"fifu_image_url":"http:\/\/www.leaders.com.tn\/uploads\/content\/thumbnails_small\/1637917802_article.jpg","fifu_image_alt":"Les d\u00e9fis majeurs du syst\u00e8me commercial multilat\u00e9ral actuel et les moyens susceptibles de les relever","footnotes":""},"categories":[73,55],"tags":[],"class_list":["post-134161","post","type-post","status-publish","format-standard","hentry","category-actualite","category-tunisie"],"_links":{"self":[{"href":"https:\/\/linitiative.ca\/International\/wp-json\/wp\/v2\/posts\/134161","targetHints":{"allow":["GET"]}}],"collection":[{"href":"https:\/\/linitiative.ca\/International\/wp-json\/wp\/v2\/posts"}],"about":[{"href":"https:\/\/linitiative.ca\/International\/wp-json\/wp\/v2\/types\/post"}],"author":[{"embeddable":true,"href":"https:\/\/linitiative.ca\/International\/wp-json\/wp\/v2\/users\/1772"}],"replies":[{"embeddable":true,"href":"https:\/\/linitiative.ca\/International\/wp-json\/wp\/v2\/comments?post=134161"}],"version-history":[{"count":0,"href":"https:\/\/linitiative.ca\/International\/wp-json\/wp\/v2\/posts\/134161\/revisions"}],"wp:attachment":[{"href":"https:\/\/linitiative.ca\/International\/wp-json\/wp\/v2\/media?parent=134161"}],"wp:term":[{"taxonomy":"category","embeddable":true,"href":"https:\/\/linitiative.ca\/International\/wp-json\/wp\/v2\/categories?post=134161"},{"taxonomy":"post_tag","embeddable":true,"href":"https:\/\/linitiative.ca\/International\/wp-json\/wp\/v2\/tags?post=134161"}],"curies":[{"name":"wp","href":"https:\/\/api.w.org\/{rel}","templated":true}]}}