{"id":134169,"date":"2021-11-26T17:29:32","date_gmt":"2021-11-26T22:29:32","guid":{"rendered":"https:\/\/linitiative.ca\/International\/covid-19-le-maroc-pourrait-fermer-ses-frontieres-a-leurope\/"},"modified":"2021-11-26T17:29:32","modified_gmt":"2021-11-26T22:29:32","slug":"covid-19-le-maroc-pourrait-fermer-ses-frontieres-a-leurope","status":"publish","type":"post","link":"https:\/\/linitiative.ca\/International\/covid-19-le-maroc-pourrait-fermer-ses-frontieres-a-leurope\/","title":{"rendered":"Covid-19. Le Maroc pourrait fermer ses fronti\u00e8res \u00e0 l\u2019Europe"},"content":{"rendered":"<div><img decoding=\"async\" width=\"2560\" height=\"1234\" src=\"https:\/\/linitiative.ca\/International\/wp-content\/uploads\/sites\/23\/2021\/11\/614c99adaa83ca2d0b8b4584-scaled-1.jpeg\" class=\"attachment-post-thumbnail size-post-thumbnail wp-post-image\" alt=\"\" loading=\"lazy\" srcset=\"https:\/\/linitiative.ca\/International\/wp-content\/uploads\/sites\/23\/2021\/11\/614c99adaa83ca2d0b8b4584-scaled-1.jpeg 2560w, https:\/\/www.challenge.ma\/wp-content\/uploads\/2021\/11\/614c99adaa83ca2d0b8b4584-300x145.jpeg 300w, https:\/\/www.challenge.ma\/wp-content\/uploads\/2021\/11\/614c99adaa83ca2d0b8b4584-1024x494.jpeg 1024w, https:\/\/www.challenge.ma\/wp-content\/uploads\/2021\/11\/614c99adaa83ca2d0b8b4584-768x370.jpeg 768w, https:\/\/www.challenge.ma\/wp-content\/uploads\/2021\/11\/614c99adaa83ca2d0b8b4584-1536x741.jpeg 1536w, https:\/\/www.challenge.ma\/wp-content\/uploads\/2021\/11\/614c99adaa83ca2d0b8b4584-2048x987.jpeg 2048w, https:\/\/www.challenge.ma\/wp-content\/uploads\/2021\/11\/614c99adaa83ca2d0b8b4584-360x174.jpeg 360w, https:\/\/www.challenge.ma\/wp-content\/uploads\/2021\/11\/614c99adaa83ca2d0b8b4584-750x362.jpeg 750w\" sizes=\"auto, (max-width: 2560px) 100vw, 2560px\" itemprop=\"image\">A l\u2019aune des derniers \u00e9v\u00e8nements relatifs \u00e0 la situation sanitaire mondiale, une quatri\u00e8me vague qui s\u00e9vit en Europe et un nouveau variant d\u00e9couvert en Afrique du Sud, les suspensions de vols et les fermetures des fronti\u00e8res reprennent. Lire aussi | Ce nouveau variant qui inqui\u00e8te: L\u2019Union Europ\u00e9enne suspend tous les<\/div>\n<p>Auteur: Azeroual Siham<br \/>\n<a href=\"https:\/\/www.challenge.ma\/covid-19-le-maroc-sapprete-il-a-fermer-ses-frontieres-a-leurope-227114\/\">Cliquez ici pour lire l&rsquo;article depuis sa source.<\/a><\/p>\n","protected":false},"excerpt":{"rendered":"<p>A l\u2019aune des derniers \u00e9v\u00e8nements relatifs \u00e0 la situation sanitaire mondiale, une quatri\u00e8me vague qui s\u00e9vit en Europe et un nouveau variant d\u00e9couvert en Afrique du Sud, les suspensions de vols et les fermetures des fronti\u00e8res reprennent. Lire aussi | Ce nouveau variant qui inqui\u00e8te: L\u2019Union Europ\u00e9enne suspend tous les Auteur: Azeroual Siham Cliquez ici [&hellip;]<\/p>\n","protected":false},"author":1787,"featured_media":0,"comment_status":"closed","ping_status":"closed","sticky":false,"template":"","format":"standard","meta":{"fifu_image_url":"https:\/\/www.challenge.ma\/wp-content\/uploads\/2021\/11\/614c99adaa83ca2d0b8b4584-scaled.jpeg","fifu_image_alt":"Covid-19. Le Maroc pourrait fermer ses fronti\u00e8res \u00e0 l\u2019Europe","footnotes":""},"categories":[78,54],"tags":[],"class_list":["post-134169","post","type-post","status-publish","format-standard","hentry","category-economie","category-maroc"],"_links":{"self":[{"href":"https:\/\/linitiative.ca\/International\/wp-json\/wp\/v2\/posts\/134169","targetHints":{"allow":["GET"]}}],"collection":[{"href":"https:\/\/linitiative.ca\/International\/wp-json\/wp\/v2\/posts"}],"about":[{"href":"https:\/\/linitiative.ca\/International\/wp-json\/wp\/v2\/types\/post"}],"author":[{"embeddable":true,"href":"https:\/\/linitiative.ca\/International\/wp-json\/wp\/v2\/users\/1787"}],"replies":[{"embeddable":true,"href":"https:\/\/linitiative.ca\/International\/wp-json\/wp\/v2\/comments?post=134169"}],"version-history":[{"count":0,"href":"https:\/\/linitiative.ca\/International\/wp-json\/wp\/v2\/posts\/134169\/revisions"}],"wp:attachment":[{"href":"https:\/\/linitiative.ca\/International\/wp-json\/wp\/v2\/media?parent=134169"}],"wp:term":[{"taxonomy":"category","embeddable":true,"href":"https:\/\/linitiative.ca\/International\/wp-json\/wp\/v2\/categories?post=134169"},{"taxonomy":"post_tag","embeddable":true,"href":"https:\/\/linitiative.ca\/International\/wp-json\/wp\/v2\/tags?post=134169"}],"curies":[{"name":"wp","href":"https:\/\/api.w.org\/{rel}","templated":true}]}}