{"id":13418,"date":"2019-02-12T15:14:27","date_gmt":"2019-02-12T20:14:27","guid":{"rendered":"https:\/\/linitiative.ca\/International\/pros-brentford-julian-jeanvier-depuis-quil-est-arrive-a-brentford-benrahma-sest-metamorphose\/"},"modified":"2019-02-12T15:14:27","modified_gmt":"2019-02-12T20:14:27","slug":"pros-brentford-julian-jeanvier-depuis-quil-est-arrive-a-brentford-benrahma-sest-metamorphose","status":"publish","type":"post","link":"https:\/\/linitiative.ca\/International\/pros-brentford-julian-jeanvier-depuis-quil-est-arrive-a-brentford-benrahma-sest-metamorphose\/","title":{"rendered":"Pros : Brentford &#8211; Julian Jeanvier: \u00abDepuis qu\u2019il est arriv\u00e9 \u00e0 Brentford, Benrahma s\u2019est m\u00e9tamorphos\u00e9\u00bb"},"content":{"rendered":"<div readability=\"32\">\n<p>Auteur : <span>Riad O.<\/span> <span class=\"time\">mardi 12 f\u00e9vrier 2019 16:06<\/span><\/p>\n<\/div>\n<div id=\"post_core\" readability=\"41\">\n<p>Co\u00e9quipier de Sa\u00efd Benrahma \u00e0 Brentford, Julian Jeanvier n\u2019a pas tari d\u2019\u00e9loges sur l\u2019attaquant Alg\u00e9rien de Brentford:\u00a0\u00abDepuis qu\u2019il est arriv\u00e9, Sa\u00efd s\u2019est m\u00e9tamorphos\u00e9. \u00c7a a pris un peu plus de temps que pr\u00e9vu pour qu\u2019il ait la totale confiance du coach. Mais par ses performances, il a mis tout le monde d\u2019accord et aujourd\u2019hui il commence vraiment \u00e0 s\u2019affirmer comme l\u2019un des leaders techniques de l\u2019\u00e9quipe. Il a cette qualit\u00e9 de percussion que les \u00e9quipes aimeraient avoir ici. Je pense vraiment que le football anglais colle \u00e0 son style de jeu et s\u2019il reste s\u00e9rieux, il a un bel avenir devant lui.\u00bba-t-il d\u00e9clar\u00e9 \u00e0 FootMercato.<\/p>\n<p><strong>Publi\u00e9 dans :<\/strong> <span>Benrahma<\/span> <span>Brentford<\/span><\/p>\n<\/div>\n<p><a href=\"http:\/\/www.lebuteur.com\/article\/detail?titre=brentford-julian-jeanvier-depuis-quil-est-arrive-a-brentford-benrahma-sest-metamorphose&#038;id=86327&#038;utm_source=feedburner&#038;utm_medium=feed&#038;utm_campaign=Feed%3A+GalerieFArtciles+%28Les+derniers+articles++-+lebuteur.com%29\">Cliquez ici pour lire l&rsquo;article depuis sa source.<\/a><br \/>\nAuteur: <\/p>\n","protected":false},"excerpt":{"rendered":"<p>Auteur : Riad O. mardi 12 f\u00e9vrier 2019 16:06 Co\u00e9quipier de Sa\u00efd Benrahma \u00e0 Brentford, Julian Jeanvier n\u2019a pas tari d\u2019\u00e9loges sur l\u2019attaquant Alg\u00e9rien de Brentford:\u00a0\u00abDepuis qu\u2019il est arriv\u00e9, Sa\u00efd s\u2019est m\u00e9tamorphos\u00e9. \u00c7a a pris un peu plus de temps que pr\u00e9vu pour qu\u2019il ait la totale confiance du coach. Mais par ses performances, il [&hellip;]<\/p>\n","protected":false},"author":1738,"featured_media":13419,"comment_status":"closed","ping_status":"closed","sticky":false,"template":"","format":"standard","meta":{"fifu_image_url":"","fifu_image_alt":"","footnotes":""},"categories":[53,75],"tags":[],"class_list":["post-13418","post","type-post","status-publish","format-standard","has-post-thumbnail","hentry","category-algerie","category-sport"],"_links":{"self":[{"href":"https:\/\/linitiative.ca\/International\/wp-json\/wp\/v2\/posts\/13418","targetHints":{"allow":["GET"]}}],"collection":[{"href":"https:\/\/linitiative.ca\/International\/wp-json\/wp\/v2\/posts"}],"about":[{"href":"https:\/\/linitiative.ca\/International\/wp-json\/wp\/v2\/types\/post"}],"author":[{"embeddable":true,"href":"https:\/\/linitiative.ca\/International\/wp-json\/wp\/v2\/users\/1738"}],"replies":[{"embeddable":true,"href":"https:\/\/linitiative.ca\/International\/wp-json\/wp\/v2\/comments?post=13418"}],"version-history":[{"count":0,"href":"https:\/\/linitiative.ca\/International\/wp-json\/wp\/v2\/posts\/13418\/revisions"}],"wp:featuredmedia":[{"embeddable":true,"href":"https:\/\/linitiative.ca\/International\/wp-json\/"}],"wp:attachment":[{"href":"https:\/\/linitiative.ca\/International\/wp-json\/wp\/v2\/media?parent=13418"}],"wp:term":[{"taxonomy":"category","embeddable":true,"href":"https:\/\/linitiative.ca\/International\/wp-json\/wp\/v2\/categories?post=13418"},{"taxonomy":"post_tag","embeddable":true,"href":"https:\/\/linitiative.ca\/International\/wp-json\/wp\/v2\/tags?post=13418"}],"curies":[{"name":"wp","href":"https:\/\/api.w.org\/{rel}","templated":true}]}}