{"id":134212,"date":"2021-11-28T12:31:14","date_gmt":"2021-11-28T17:31:14","guid":{"rendered":"https:\/\/linitiative.ca\/International\/tennis-le-danemark-accede-au-groupe-i-apres-sa-victoire-devant-le-maroc\/"},"modified":"2021-11-28T12:31:14","modified_gmt":"2021-11-28T17:31:14","slug":"tennis-le-danemark-accede-au-groupe-i-apres-sa-victoire-devant-le-maroc","status":"publish","type":"post","link":"https:\/\/linitiative.ca\/International\/tennis-le-danemark-accede-au-groupe-i-apres-sa-victoire-devant-le-maroc\/","title":{"rendered":"Tennis: le Danemark acc\u00e8de au groupe I apr\u00e8s sa victoire devant le Maroc"},"content":{"rendered":"<div>\n<div style=\"margin-bottom:20px;\"><img loading=\"lazy\" decoding=\"async\" width=\"750\" height=\"430\" src=\"https:\/\/linitiative.ca\/International\/wp-content\/uploads\/sites\/23\/2021\/11\/tennis-1.jpg\" class=\"attachment-post-thumbnail size-post-thumbnail wp-post-image\" alt=\"\" srcset=\"https:\/\/linitiative.ca\/International\/wp-content\/uploads\/sites\/23\/2021\/11\/tennis-1.jpg 750w, http:\/\/www.mapmarrakech.ma\/map\/uploads\/2021\/09\/tennis-300x172.jpg 300w\" sizes=\"auto, (max-width: 750px) 100vw, 750px\"><\/div>\n<p>Les Danois ont empoch\u00e9 leur ticket apr\u00e8s la victoire d\u2019August Holmgren devant Elliot Benchetrit en deux manches 6-2, 6-0.<\/p>\n<p>Plus t\u00f4t, le duo marocain compos\u00e9 de Lamine Ouhab et Elliot Benchetrit s\u2019est inclin\u00e9 4-6, 4-6 face au tandem Christian Sigsgaard Petersen\/Frederik Nielsen.<\/p>\n<p>Samedi, les deux \u00e9quipes \u00e9taient \u00e0 \u00e9galit\u00e9 (1-1) apr\u00e8s la d\u00e9faite de Ouahab (813\u00e8 mondial) face \u00e0 August Holmgren et la victoire de Benchetrit (345\u00e8 ATP) aux d\u00e9pens de Christian Sigsgaard Petersen (969\u00e8 mondial).<\/p>\n<p>The post <a rel=\"nofollow\" href=\"http:\/\/www.mapmarrakech.ma\/fr\/coupe-davis-le-danemark-accede-au-groupe-i-apres-sa-victoire-devant-le-maroc\/\">Tennis: le Danemark acc\u00e8de au groupe I apr\u00e8s sa victoire devant le Maroc<\/a> appeared first on <a rel=\"nofollow\" href=\"http:\/\/www.mapmarrakech.ma\/fr\">MapMarrakech<\/a>.<\/p>\n<\/div>\n<p>Auteur: Meriem IGASS<br \/>\n<a href=\"http:\/\/www.mapmarrakech.ma\/fr\/coupe-davis-le-danemark-accede-au-groupe-i-apres-sa-victoire-devant-le-maroc\/\">Cliquez ici pour lire l&rsquo;article depuis sa source.<\/a><\/p>\n","protected":false},"excerpt":{"rendered":"<p>Les Danois ont empoch\u00e9 leur ticket apr\u00e8s la victoire d\u2019August Holmgren devant Elliot Benchetrit en deux manches 6-2, 6-0. Plus t\u00f4t, le duo marocain compos\u00e9 de Lamine Ouhab et Elliot Benchetrit s\u2019est inclin\u00e9 4-6, 4-6 face au tandem Christian Sigsgaard Petersen\/Frederik Nielsen. Samedi, les deux \u00e9quipes \u00e9taient \u00e0 \u00e9galit\u00e9 (1-1) apr\u00e8s la d\u00e9faite de Ouahab [&hellip;]<\/p>\n","protected":false},"author":1788,"featured_media":0,"comment_status":"closed","ping_status":"closed","sticky":false,"template":"","format":"standard","meta":{"fifu_image_url":"http:\/\/www.mapmarrakech.ma\/map\/uploads\/2021\/09\/tennis.jpg","fifu_image_alt":"Tennis: le Danemark acc\u00e8de au groupe I apr\u00e8s sa victoire devant le Maroc","footnotes":""},"categories":[54,76],"tags":[],"class_list":["post-134212","post","type-post","status-publish","format-standard","hentry","category-maroc","category-regions"],"_links":{"self":[{"href":"https:\/\/linitiative.ca\/International\/wp-json\/wp\/v2\/posts\/134212","targetHints":{"allow":["GET"]}}],"collection":[{"href":"https:\/\/linitiative.ca\/International\/wp-json\/wp\/v2\/posts"}],"about":[{"href":"https:\/\/linitiative.ca\/International\/wp-json\/wp\/v2\/types\/post"}],"author":[{"embeddable":true,"href":"https:\/\/linitiative.ca\/International\/wp-json\/wp\/v2\/users\/1788"}],"replies":[{"embeddable":true,"href":"https:\/\/linitiative.ca\/International\/wp-json\/wp\/v2\/comments?post=134212"}],"version-history":[{"count":0,"href":"https:\/\/linitiative.ca\/International\/wp-json\/wp\/v2\/posts\/134212\/revisions"}],"wp:attachment":[{"href":"https:\/\/linitiative.ca\/International\/wp-json\/wp\/v2\/media?parent=134212"}],"wp:term":[{"taxonomy":"category","embeddable":true,"href":"https:\/\/linitiative.ca\/International\/wp-json\/wp\/v2\/categories?post=134212"},{"taxonomy":"post_tag","embeddable":true,"href":"https:\/\/linitiative.ca\/International\/wp-json\/wp\/v2\/tags?post=134212"}],"curies":[{"name":"wp","href":"https:\/\/api.w.org\/{rel}","templated":true}]}}