{"id":13422,"date":"2019-02-12T15:14:29","date_gmt":"2019-02-12T20:14:29","guid":{"rendered":"https:\/\/linitiative.ca\/International\/pros-al-gharafa-pourrait-resilier-le-contrat-de-hassani\/"},"modified":"2019-02-12T15:14:29","modified_gmt":"2019-02-12T20:14:29","slug":"pros-al-gharafa-pourrait-resilier-le-contrat-de-hassani","status":"publish","type":"post","link":"https:\/\/linitiative.ca\/International\/pros-al-gharafa-pourrait-resilier-le-contrat-de-hassani\/","title":{"rendered":"Pros : Al-Gharafa pourrait r\u00e9silier le contrat de Hassani"},"content":{"rendered":"<div readability=\"32\">\n<p>Auteur : <span>Riad O.<\/span> <span class=\"time\">mardi 12 f\u00e9vrier 2019 16:09<\/span><\/p>\n<\/div>\n<div id=\"post_core\" readability=\"46\">\n<p>Comme annonc\u00e9 dans ces m\u00eames colonnes dans nos pr\u00e9c\u00e9dentes \u00e9ditions, le d\u00e9fenseur alg\u00e9rien, Ilias Hassani s&rsquo;est engag\u00e9, r\u00e9cemment, pour six mois avec le club qatari de premi\u00e8re division, Al Gharafa. Le d\u00e9sormais ancien joueur de la formation bulgare de Tcherno More Varna\u00a0 \u00e9tait sur les tablettes de plusieurs clubs europ\u00e9ens, entre autres le Levski Sofia (Bulgarie) et le RC Lens (L2 fran\u00e7aise avant de choisir Al-Gharafa. Cependant, il est n\u2019est pas \u00e9cart\u00e9 que son contrat soir r\u00e9sili\u00e9 dans les tous prochains jours. Et pour cause, et selon le m\u00e9dia, alarab, la direction du club Qatari pourrait prendre cette d\u00e9cision apr\u00e8s l\u2019arriv\u00e9e du joueur br\u00e9silien, Lucas Mendes \u00e0 Al-Gharafa. La m\u00eame source pr\u00e9cise toujours que la direction d\u2019Al-Gharafa aurait inclus le nom du br\u00e9silien dans la liste des joueurs qui vont participer \u00e0 la Ligue des champions asiatique.<\/p>\n<p><strong>Publi\u00e9 dans :<\/strong> <span>Hassani<\/span><\/p>\n<\/div>\n<p><a href=\"http:\/\/www.lebuteur.com\/article\/detail?titre=al-gharafa-pourrait-resilier-le-contrat-de-hassani&#038;id=86329&#038;utm_source=feedburner&#038;utm_medium=feed&#038;utm_campaign=Feed%3A+GalerieFArtciles+%28Les+derniers+articles++-+lebuteur.com%29\">Cliquez ici pour lire l&rsquo;article depuis sa source.<\/a><br \/>\nAuteur: <\/p>\n","protected":false},"excerpt":{"rendered":"<p>Auteur : Riad O. mardi 12 f\u00e9vrier 2019 16:09 Comme annonc\u00e9 dans ces m\u00eames colonnes dans nos pr\u00e9c\u00e9dentes \u00e9ditions, le d\u00e9fenseur alg\u00e9rien, Ilias Hassani s&rsquo;est engag\u00e9, r\u00e9cemment, pour six mois avec le club qatari de premi\u00e8re division, Al Gharafa. Le d\u00e9sormais ancien joueur de la formation bulgare de Tcherno More Varna\u00a0 \u00e9tait sur les tablettes [&hellip;]<\/p>\n","protected":false},"author":1738,"featured_media":13423,"comment_status":"closed","ping_status":"closed","sticky":false,"template":"","format":"standard","meta":{"fifu_image_url":"","fifu_image_alt":"","footnotes":""},"categories":[53,75],"tags":[],"class_list":["post-13422","post","type-post","status-publish","format-standard","has-post-thumbnail","hentry","category-algerie","category-sport"],"_links":{"self":[{"href":"https:\/\/linitiative.ca\/International\/wp-json\/wp\/v2\/posts\/13422","targetHints":{"allow":["GET"]}}],"collection":[{"href":"https:\/\/linitiative.ca\/International\/wp-json\/wp\/v2\/posts"}],"about":[{"href":"https:\/\/linitiative.ca\/International\/wp-json\/wp\/v2\/types\/post"}],"author":[{"embeddable":true,"href":"https:\/\/linitiative.ca\/International\/wp-json\/wp\/v2\/users\/1738"}],"replies":[{"embeddable":true,"href":"https:\/\/linitiative.ca\/International\/wp-json\/wp\/v2\/comments?post=13422"}],"version-history":[{"count":0,"href":"https:\/\/linitiative.ca\/International\/wp-json\/wp\/v2\/posts\/13422\/revisions"}],"wp:featuredmedia":[{"embeddable":true,"href":"https:\/\/linitiative.ca\/International\/wp-json\/"}],"wp:attachment":[{"href":"https:\/\/linitiative.ca\/International\/wp-json\/wp\/v2\/media?parent=13422"}],"wp:term":[{"taxonomy":"category","embeddable":true,"href":"https:\/\/linitiative.ca\/International\/wp-json\/wp\/v2\/categories?post=13422"},{"taxonomy":"post_tag","embeddable":true,"href":"https:\/\/linitiative.ca\/International\/wp-json\/wp\/v2\/tags?post=13422"}],"curies":[{"name":"wp","href":"https:\/\/api.w.org\/{rel}","templated":true}]}}