{"id":134224,"date":"2021-11-28T14:00:29","date_gmt":"2021-11-28T19:00:29","guid":{"rendered":"https:\/\/linitiative.ca\/International\/la-rs-berkane-arrache-un-nul-precieux-face-aux-rwandais-de-lapr\/"},"modified":"2021-11-28T14:00:29","modified_gmt":"2021-11-28T19:00:29","slug":"la-rs-berkane-arrache-un-nul-precieux-face-aux-rwandais-de-lapr","status":"publish","type":"post","link":"https:\/\/linitiative.ca\/International\/la-rs-berkane-arrache-un-nul-precieux-face-aux-rwandais-de-lapr\/","title":{"rendered":"La RS Berkane arrache un nul pr\u00e9cieux face aux Rwandais de l\u2019APR"},"content":{"rendered":"<div>\n<div style=\"margin-bottom:20px;\"><img loading=\"lazy\" decoding=\"async\" width=\"750\" height=\"430\" src=\"https:\/\/linitiative.ca\/International\/wp-content\/uploads\/sites\/23\/2021\/11\/RSB-vs-USBG-750C397430-MAP.jpg\" class=\"attachment-post-thumbnail size-post-thumbnail wp-post-image\" alt=\"\" srcset=\"https:\/\/linitiative.ca\/International\/wp-content\/uploads\/sites\/23\/2021\/11\/RSB-vs-USBG-750C397430-MAP.jpg 750w, http:\/\/www.mapoujda.ma\/map\/uploads\/2021\/11\/RSB-vs-USBG-750\u00d7430-MAP-300x172.jpg 300w\" sizes=\"auto, (max-width: 750px) 100vw, 750px\"><\/div>\n<p style=\"text-align: justify;\">La Renaissance sportive de Berkane (RSB) a arrach\u00e9, dimanche, un nul pr\u00e9cieux (0-0) face \u00e0 l\u2019Arm\u00e9e patriotique rwandaise (APR FC) \u00e0 Kigali, dans le cadre du match aller du 2\u00e8me tour pr\u00e9liminaire de la Coupe de la CAF.<\/p>\n<p style=\"text-align: justify;\">Dans une rencontre tr\u00e8s serr\u00e9e, notamment lors de la seconde p\u00e9riode, les visiteurs ont fait preuve d\u2019une forme rude, parvenant \u00e0 m\u00e9langer les cartes de l\u2019adversaire et \u00e0 contenir sa dangerosit\u00e9 offensive.<\/p>\n<p style=\"text-align: justify;\">Avec ce nul vierge, les hommes de Florent Ibengue qui recevront, le 5 d\u00e9cembre \u00e0 Berkane leurs adversaires pour le match retour, conservent toutes les chances de qualification \u00e0 la phase groupes.<\/p>\n<p style=\"text-align: justify;\">\u00ab\u00a0On avait la possibilit\u00e9 de faire un peu mieux, mais avec l\u2019altitude, on a senti que les joueurs du milieu de terrain \u00e9taient fatigu\u00e9s\u00a0\u00bb, a r\u00e9agi le coach de la RS de Berkane dans une d\u00e9claration \u00e0 la MAP \u00e0 l\u2019issue du match.<\/p>\n<p style=\"text-align: justify;\">\u00ab\u00a0Comme on \u00e9tait en sous-effectif en raison des blessures, on a subi le match mais sans se mettre trop en difficult\u00e9s\u00a0\u00bb, a d\u00e9clar\u00e9 l\u2019entraineur du club de l\u2019Oriental, ajoutant que son \u00e9quipe, sacr\u00e9e en 2020, n\u2019a pas le droit \u00e0 l\u2019erreur lors de la seconde manche.<\/p>\n<p style=\"text-align: justify;\">\u00ab\u00a0Maintenant il faut bien r\u00e9cup\u00e9rer et gagner le match retour pour se qualifier pour la phase de groupes\u00a0\u00bb, a-t-il insist\u00e9.<\/p>\n<p style=\"text-align: justify;\">Le capitaine et v\u00e9t\u00e9ran de la RS de Berkane, Mohamed El Aziz a d\u00e9clar\u00e9, la veille, que le club veut repr\u00e9senter le Maroc de la meilleure mani\u00e8re.<\/p>\n<p style=\"text-align: justify;\">Dans une d\u00e9claration \u00e0 la MAP, le meilleur joueur de la Botola D1 pour la saison 2018-2019 a indiqu\u00e9 que les responsables du club ont mis \u00e0 la disposition de l\u2019\u00e9quipe tous les moyens n\u00e9cessaires pour surpasser l\u2019obstacle des Rwandais.<\/p>\n<p style=\"text-align: justify;\">\u00ab\u00a0Notre ultime objectif est d\u2019\u00e9crire l\u2019histoire \u00e0 nouveau et offrir au football marocain un nouveau titre continental\u00a0\u00bb, a-t-il dit.<\/p>\n<p style=\"text-align: justify;\">Dernier repr\u00e9sentant marocain en Coupe de la CAF, apr\u00e8s l\u2019\u00e9limination de l\u2019AS FAR, la RS de Berkane a \u00e9t\u00e9 qualifi\u00e9e sans difficult\u00e9s pour le second tour pr\u00e9liminaire additionnel de la Coupe de la CAF.<\/p>\n<p style=\"text-align: justify;\">Le club de l\u2019Oriental, qui compte une des lignes d\u2019attaque les plus performantes de la Botola avec pas moins de 14 buts inscrits en 12 matchs, ont visiblement la faveur des pronostics pour s\u2019imposer lors du match retour face \u00e0 leurs homologues rwandais, 14 fois champions du Rwanda.<\/p>\n<p>L\u2019article <a rel=\"nofollow\" href=\"http:\/\/www.mapoujda.ma\/fr\/la-rs-berkane-arrache-un-nul-precieux-face-aux-rwandais-de-lapr\/\">La RS Berkane arrache un nul pr\u00e9cieux face aux Rwandais de l\u2019APR<\/a> est apparu en premier sur <a rel=\"nofollow\" href=\"http:\/\/www.mapoujda.ma\/fr\">MapOujda<\/a>.<\/p>\n<\/div>\n<p>Auteur: Soufiane ELAHMAR<br \/>\n<a href=\"http:\/\/www.mapoujda.ma\/fr\/la-rs-berkane-arrache-un-nul-precieux-face-aux-rwandais-de-lapr\/\">Cliquez ici pour lire l&rsquo;article depuis sa source.<\/a><\/p>\n","protected":false},"excerpt":{"rendered":"<p>La Renaissance sportive de Berkane (RSB) a arrach\u00e9, dimanche, un nul pr\u00e9cieux (0-0) face \u00e0 l\u2019Arm\u00e9e patriotique rwandaise (APR FC) \u00e0 Kigali, dans le cadre du match aller du 2\u00e8me tour pr\u00e9liminaire de la Coupe de la CAF. Dans une rencontre tr\u00e8s serr\u00e9e, notamment lors de la seconde p\u00e9riode, les visiteurs ont fait preuve d\u2019une [&hellip;]<\/p>\n","protected":false},"author":1788,"featured_media":0,"comment_status":"closed","ping_status":"closed","sticky":false,"template":"","format":"standard","meta":{"fifu_image_url":"http:\/\/www.mapoujda.ma\/map\/uploads\/2021\/11\/RSB-vs-USBG-750\u00d7430-MAP.jpg","fifu_image_alt":"La RS Berkane arrache un nul pr\u00e9cieux face aux Rwandais de l\u2019APR","footnotes":""},"categories":[54,76],"tags":[],"class_list":["post-134224","post","type-post","status-publish","format-standard","hentry","category-maroc","category-regions"],"_links":{"self":[{"href":"https:\/\/linitiative.ca\/International\/wp-json\/wp\/v2\/posts\/134224","targetHints":{"allow":["GET"]}}],"collection":[{"href":"https:\/\/linitiative.ca\/International\/wp-json\/wp\/v2\/posts"}],"about":[{"href":"https:\/\/linitiative.ca\/International\/wp-json\/wp\/v2\/types\/post"}],"author":[{"embeddable":true,"href":"https:\/\/linitiative.ca\/International\/wp-json\/wp\/v2\/users\/1788"}],"replies":[{"embeddable":true,"href":"https:\/\/linitiative.ca\/International\/wp-json\/wp\/v2\/comments?post=134224"}],"version-history":[{"count":0,"href":"https:\/\/linitiative.ca\/International\/wp-json\/wp\/v2\/posts\/134224\/revisions"}],"wp:attachment":[{"href":"https:\/\/linitiative.ca\/International\/wp-json\/wp\/v2\/media?parent=134224"}],"wp:term":[{"taxonomy":"category","embeddable":true,"href":"https:\/\/linitiative.ca\/International\/wp-json\/wp\/v2\/categories?post=134224"},{"taxonomy":"post_tag","embeddable":true,"href":"https:\/\/linitiative.ca\/International\/wp-json\/wp\/v2\/tags?post=134224"}],"curies":[{"name":"wp","href":"https:\/\/api.w.org\/{rel}","templated":true}]}}