{"id":134228,"date":"2021-11-28T09:48:17","date_gmt":"2021-11-28T14:48:17","guid":{"rendered":"https:\/\/linitiative.ca\/International\/fes-lusmba-veut-promouvoir-les-civilisations-arabo-musulmane-amazighe-et-juive\/"},"modified":"2021-11-28T09:48:17","modified_gmt":"2021-11-28T14:48:17","slug":"fes-lusmba-veut-promouvoir-les-civilisations-arabo-musulmane-amazighe-et-juive","status":"publish","type":"post","link":"https:\/\/linitiative.ca\/International\/fes-lusmba-veut-promouvoir-les-civilisations-arabo-musulmane-amazighe-et-juive\/","title":{"rendered":"F\u00e8s: L\u2019USMBA veut promouvoir les civilisations arabo-musulmane, amazighe et juive"},"content":{"rendered":"<div>\n<div class=\"field field-name-body field-type-text-with-summary field-label-hidden\">\n<div class=\"field-items\">\n<div class=\"field-item even\" property=\"content:encoded\">\n<p class=\"rtejustify\">L\u2019universit\u00e9 Sidi Mohammed Ben Abdellah (USMBA) de F\u00e8s, l\u2019Association Essaouira-Mogador et le Centre d\u2019\u00e9tudes et de recherches sur le droit h\u00e9bra\u00efque viennent de signer une convention de partenariat, \u00e0 Ifrane. Le but \u00e9tant de promouvoir la formation et la recherche sur les civilisations arabo-musulmane, amazighe et juive. L\u2019accord a \u00e9t\u00e9 paraph\u00e9 par Andr\u00e9 Azoulay, pr\u00e9sident de l\u2019Association Essaouira-Mogador, Redouane Mrabet, pr\u00e9sident de l\u2019USMBA de F\u00e8s et Abdellah Ouzitane, pr\u00e9sident-fondateur du CERDH.<\/p>\n<\/div>\n<\/div>\n<\/div>\n<\/div>\n<p>Auteur: hgueye<br \/>\n<a href=\"https:\/\/www.leconomiste.com\/flash-infos\/fes-l-usmba-veut-promouvoir-les-civilisations-arabo-musulmane-amazighe-et-juive\">Cliquez ici pour lire l&rsquo;article depuis sa source.<\/a><\/p>\n","protected":false},"excerpt":{"rendered":"<p>L\u2019universit\u00e9 Sidi Mohammed Ben Abdellah (USMBA) de F\u00e8s, l\u2019Association Essaouira-Mogador et le Centre d\u2019\u00e9tudes et de recherches sur le droit h\u00e9bra\u00efque viennent de signer une convention de partenariat, \u00e0 Ifrane. Le but \u00e9tant de promouvoir la formation et la recherche sur les civilisations arabo-musulmane, amazighe et juive. L\u2019accord a \u00e9t\u00e9 paraph\u00e9 par Andr\u00e9 Azoulay, pr\u00e9sident [&hellip;]<\/p>\n","protected":false},"author":1763,"featured_media":0,"comment_status":"closed","ping_status":"closed","sticky":false,"template":"","format":"standard","meta":{"fifu_image_url":"","fifu_image_alt":"","footnotes":""},"categories":[78,54],"tags":[],"class_list":["post-134228","post","type-post","status-publish","format-standard","hentry","category-economie","category-maroc"],"_links":{"self":[{"href":"https:\/\/linitiative.ca\/International\/wp-json\/wp\/v2\/posts\/134228","targetHints":{"allow":["GET"]}}],"collection":[{"href":"https:\/\/linitiative.ca\/International\/wp-json\/wp\/v2\/posts"}],"about":[{"href":"https:\/\/linitiative.ca\/International\/wp-json\/wp\/v2\/types\/post"}],"author":[{"embeddable":true,"href":"https:\/\/linitiative.ca\/International\/wp-json\/wp\/v2\/users\/1763"}],"replies":[{"embeddable":true,"href":"https:\/\/linitiative.ca\/International\/wp-json\/wp\/v2\/comments?post=134228"}],"version-history":[{"count":0,"href":"https:\/\/linitiative.ca\/International\/wp-json\/wp\/v2\/posts\/134228\/revisions"}],"wp:attachment":[{"href":"https:\/\/linitiative.ca\/International\/wp-json\/wp\/v2\/media?parent=134228"}],"wp:term":[{"taxonomy":"category","embeddable":true,"href":"https:\/\/linitiative.ca\/International\/wp-json\/wp\/v2\/categories?post=134228"},{"taxonomy":"post_tag","embeddable":true,"href":"https:\/\/linitiative.ca\/International\/wp-json\/wp\/v2\/tags?post=134228"}],"curies":[{"name":"wp","href":"https:\/\/api.w.org\/{rel}","templated":true}]}}