{"id":134230,"date":"2021-11-28T10:25:23","date_gmt":"2021-11-28T15:25:23","guid":{"rendered":"https:\/\/linitiative.ca\/International\/tanger-virgin-megastore-sinstalle\/"},"modified":"2021-11-28T10:25:23","modified_gmt":"2021-11-28T15:25:23","slug":"tanger-virgin-megastore-sinstalle","status":"publish","type":"post","link":"https:\/\/linitiative.ca\/International\/tanger-virgin-megastore-sinstalle\/","title":{"rendered":"Tanger: Virgin Megastore s\u2019installe"},"content":{"rendered":"<div>\n<div class=\"field field-name-body field-type-text-with-summary field-label-hidden\">\n<div class=\"field-items\">\n<div class=\"field-item even\" property=\"content:encoded\">\n<p class=\"rtejustify\">L\u2019Enseigne Virgin Megastore sp\u00e9cialiste des produits hi tech, culturels et de loisirs vient d\u2019inaugurer son dixi\u00e8me magasin dans la ville de Tanger. D\u2019une superficie de 774 m2, il est install\u00e9 au centre commercial Socco Alto. L\u2019investissement de ce nouveau magasin s\u2019\u00e9l\u00e8ve \u00e0 8,6 millions de DH avec \u00e0 la cl\u00e9, la cr\u00e9ation de 46 postes d\u2019emploi directs et indirects.<\/p>\n<p class=\"rtejustify\"><strong><em>A.A.<\/em><\/strong><\/p>\n<\/div>\n<\/div>\n<\/div>\n<\/div>\n<p>Auteur: hgueye<br \/>\n<a href=\"https:\/\/www.leconomiste.com\/flash-infos\/tanger-virgin-megastore-s-installe\">Cliquez ici pour lire l&rsquo;article depuis sa source.<\/a><\/p>\n","protected":false},"excerpt":{"rendered":"<p>L\u2019Enseigne Virgin Megastore sp\u00e9cialiste des produits hi tech, culturels et de loisirs vient d\u2019inaugurer son dixi\u00e8me magasin dans la ville de Tanger. D\u2019une superficie de 774 m2, il est install\u00e9 au centre commercial Socco Alto. L\u2019investissement de ce nouveau magasin s\u2019\u00e9l\u00e8ve \u00e0 8,6 millions de DH avec \u00e0 la cl\u00e9, la cr\u00e9ation de 46 postes [&hellip;]<\/p>\n","protected":false},"author":1763,"featured_media":0,"comment_status":"closed","ping_status":"closed","sticky":false,"template":"","format":"standard","meta":{"fifu_image_url":"","fifu_image_alt":"","footnotes":""},"categories":[78,54],"tags":[],"class_list":["post-134230","post","type-post","status-publish","format-standard","hentry","category-economie","category-maroc"],"_links":{"self":[{"href":"https:\/\/linitiative.ca\/International\/wp-json\/wp\/v2\/posts\/134230","targetHints":{"allow":["GET"]}}],"collection":[{"href":"https:\/\/linitiative.ca\/International\/wp-json\/wp\/v2\/posts"}],"about":[{"href":"https:\/\/linitiative.ca\/International\/wp-json\/wp\/v2\/types\/post"}],"author":[{"embeddable":true,"href":"https:\/\/linitiative.ca\/International\/wp-json\/wp\/v2\/users\/1763"}],"replies":[{"embeddable":true,"href":"https:\/\/linitiative.ca\/International\/wp-json\/wp\/v2\/comments?post=134230"}],"version-history":[{"count":0,"href":"https:\/\/linitiative.ca\/International\/wp-json\/wp\/v2\/posts\/134230\/revisions"}],"wp:attachment":[{"href":"https:\/\/linitiative.ca\/International\/wp-json\/wp\/v2\/media?parent=134230"}],"wp:term":[{"taxonomy":"category","embeddable":true,"href":"https:\/\/linitiative.ca\/International\/wp-json\/wp\/v2\/categories?post=134230"},{"taxonomy":"post_tag","embeddable":true,"href":"https:\/\/linitiative.ca\/International\/wp-json\/wp\/v2\/tags?post=134230"}],"curies":[{"name":"wp","href":"https:\/\/api.w.org\/{rel}","templated":true}]}}