{"id":134264,"date":"2021-11-28T16:59:49","date_gmt":"2021-11-28T21:59:49","guid":{"rendered":"https:\/\/linitiative.ca\/International\/affaire-ftvb-cfc-toutes-les-assemblees-generales-annulees-a-partir-de-2017\/"},"modified":"2021-11-28T16:59:49","modified_gmt":"2021-11-28T21:59:49","slug":"affaire-ftvb-cfc-toutes-les-assemblees-generales-annulees-a-partir-de-2017","status":"publish","type":"post","link":"https:\/\/linitiative.ca\/International\/affaire-ftvb-cfc-toutes-les-assemblees-generales-annulees-a-partir-de-2017\/","title":{"rendered":"Affaire FTVB \u2013 CFC : Toutes les assembl\u00e9es g\u00e9n\u00e9rales annul\u00e9es \u00e0 partir de 2017"},"content":{"rendered":"<div>\n<p>\u00c7a bouge encore au sein de la FTVB. Apr\u00e8s le gel des affaires de son pr\u00e9sident, la FTVB perd encore une bataille (photos jointes) ! Le CNAS a communiqu\u00e9 que tous les assembl\u00e9es g\u00e9n\u00e9rales des saisons sportives 2017-2018, 2018-2019 et 2019-2020 ainsi que celle du 28 f\u00e9vrier 2021 et toutes les proc\u00e9dures prises \u00e0 l\u2019\u00e9gard [\u2026]<\/p>\n<p>L\u2019article <a href=\"https:\/\/sport.tunisienumerique.com\/affaire-ftvb-cfc-toutes-les-assemblees-generales-annulees-a-partir-de-2017\/\">Affaire FTVB \u2013 CFC : Toutes les assembl\u00e9es g\u00e9n\u00e9rales annul\u00e9es \u00e0 partir de 2017<\/a> est apparu en premier sur <a href=\"https:\/\/www.tunisienumerique.com\/\">Tunisie<\/a>.<\/p>\n<\/div>\n<p>Auteur: Hamza Ben Khlifa<br \/>\n<a href=\"https:\/\/sport.tunisienumerique.com\/affaire-ftvb-cfc-toutes-les-assemblees-generales-annulees-a-partir-de-2017\/\">Cliquez ici pour lire l&rsquo;article depuis sa source.<\/a><\/p>\n","protected":false},"excerpt":{"rendered":"<p>\u00c7a bouge encore au sein de la FTVB. Apr\u00e8s le gel des affaires de son pr\u00e9sident, la FTVB perd encore une bataille (photos jointes) ! Le CNAS a communiqu\u00e9 que tous les assembl\u00e9es g\u00e9n\u00e9rales des saisons sportives 2017-2018, 2018-2019 et 2019-2020 ainsi que celle du 28 f\u00e9vrier 2021 et toutes les proc\u00e9dures prises \u00e0 l\u2019\u00e9gard [&hellip;]<\/p>\n","protected":false},"author":1789,"featured_media":0,"comment_status":"closed","ping_status":"closed","sticky":false,"template":"","format":"standard","meta":{"fifu_image_url":"","fifu_image_alt":"","footnotes":""},"categories":[73,55],"tags":[],"class_list":["post-134264","post","type-post","status-publish","format-standard","hentry","category-actualite","category-tunisie"],"_links":{"self":[{"href":"https:\/\/linitiative.ca\/International\/wp-json\/wp\/v2\/posts\/134264","targetHints":{"allow":["GET"]}}],"collection":[{"href":"https:\/\/linitiative.ca\/International\/wp-json\/wp\/v2\/posts"}],"about":[{"href":"https:\/\/linitiative.ca\/International\/wp-json\/wp\/v2\/types\/post"}],"author":[{"embeddable":true,"href":"https:\/\/linitiative.ca\/International\/wp-json\/wp\/v2\/users\/1789"}],"replies":[{"embeddable":true,"href":"https:\/\/linitiative.ca\/International\/wp-json\/wp\/v2\/comments?post=134264"}],"version-history":[{"count":0,"href":"https:\/\/linitiative.ca\/International\/wp-json\/wp\/v2\/posts\/134264\/revisions"}],"wp:attachment":[{"href":"https:\/\/linitiative.ca\/International\/wp-json\/wp\/v2\/media?parent=134264"}],"wp:term":[{"taxonomy":"category","embeddable":true,"href":"https:\/\/linitiative.ca\/International\/wp-json\/wp\/v2\/categories?post=134264"},{"taxonomy":"post_tag","embeddable":true,"href":"https:\/\/linitiative.ca\/International\/wp-json\/wp\/v2\/tags?post=134264"}],"curies":[{"name":"wp","href":"https:\/\/api.w.org\/{rel}","templated":true}]}}