{"id":134265,"date":"2021-11-28T17:04:44","date_gmt":"2021-11-28T22:04:44","guid":{"rendered":"https:\/\/linitiative.ca\/International\/tunisie-le-comite-de-defense-de-mehdi-ben-gharbia-emet-un-communique-a-lopinion-publique\/"},"modified":"2021-11-28T17:04:44","modified_gmt":"2021-11-28T22:04:44","slug":"tunisie-le-comite-de-defense-de-mehdi-ben-gharbia-emet-un-communique-a-lopinion-publique","status":"publish","type":"post","link":"https:\/\/linitiative.ca\/International\/tunisie-le-comite-de-defense-de-mehdi-ben-gharbia-emet-un-communique-a-lopinion-publique\/","title":{"rendered":"Tunisie: Le Comit\u00e9 de d\u00e9fense de Mehdi Ben Gharbia \u00e9met un communiqu\u00e9 \u00e0 l\u2019opinion publique"},"content":{"rendered":"<div>\n<p>Le Comit\u00e9 de d\u00e9fense de l\u2019Homme d\u2019affaires par ailleurs d\u00e9put\u00e9 gel\u00e9, Mehdi Ben Gharbia s\u2019est adress\u00e9 \u00e0 l\u2019opinion publique via un communiqu\u00e9 publi\u00e9 aujourd\u2019hui 28 Novembre 2021, dont la teneur qui suit\u00a0: \u00ab Pour la quatri\u00e8me semaine cons\u00e9cutive, Mehdi Ben Gharbia poursuit la gr\u00e8ve de la faim qu\u2019il m\u00e8ne depuis le vendredi 5 novembre 2021 [\u2026]<\/p>\n<p>L\u2019article <a href=\"https:\/\/www.tunisienumerique.com\/tunisie-le-comite-de-defense-de-mehdi-ben-gharbia-emet-un-communique-a-lopinion-publique\/\">Tunisie: Le Comit\u00e9 de d\u00e9fense de Mehdi Ben Gharbia \u00e9met un communiqu\u00e9 \u00e0 l\u2019opinion publique<\/a> est apparu en premier sur <a href=\"https:\/\/www.tunisienumerique.com\/\">Tunisie<\/a>.<\/p>\n<\/div>\n<p>Auteur: rania ben slimane<br \/>\n<a href=\"https:\/\/www.tunisienumerique.com\/tunisie-le-comite-de-defense-de-mehdi-ben-gharbia-emet-un-communique-a-lopinion-publique\/\">Cliquez ici pour lire l&rsquo;article depuis sa source.<\/a><\/p>\n","protected":false},"excerpt":{"rendered":"<p>Le Comit\u00e9 de d\u00e9fense de l\u2019Homme d\u2019affaires par ailleurs d\u00e9put\u00e9 gel\u00e9, Mehdi Ben Gharbia s\u2019est adress\u00e9 \u00e0 l\u2019opinion publique via un communiqu\u00e9 publi\u00e9 aujourd\u2019hui 28 Novembre 2021, dont la teneur qui suit\u00a0: \u00ab Pour la quatri\u00e8me semaine cons\u00e9cutive, Mehdi Ben Gharbia poursuit la gr\u00e8ve de la faim qu\u2019il m\u00e8ne depuis le vendredi 5 novembre 2021 [&hellip;]<\/p>\n","protected":false},"author":1789,"featured_media":0,"comment_status":"closed","ping_status":"closed","sticky":false,"template":"","format":"standard","meta":{"fifu_image_url":"","fifu_image_alt":"","footnotes":""},"categories":[73,55],"tags":[],"class_list":["post-134265","post","type-post","status-publish","format-standard","hentry","category-actualite","category-tunisie"],"_links":{"self":[{"href":"https:\/\/linitiative.ca\/International\/wp-json\/wp\/v2\/posts\/134265","targetHints":{"allow":["GET"]}}],"collection":[{"href":"https:\/\/linitiative.ca\/International\/wp-json\/wp\/v2\/posts"}],"about":[{"href":"https:\/\/linitiative.ca\/International\/wp-json\/wp\/v2\/types\/post"}],"author":[{"embeddable":true,"href":"https:\/\/linitiative.ca\/International\/wp-json\/wp\/v2\/users\/1789"}],"replies":[{"embeddable":true,"href":"https:\/\/linitiative.ca\/International\/wp-json\/wp\/v2\/comments?post=134265"}],"version-history":[{"count":0,"href":"https:\/\/linitiative.ca\/International\/wp-json\/wp\/v2\/posts\/134265\/revisions"}],"wp:attachment":[{"href":"https:\/\/linitiative.ca\/International\/wp-json\/wp\/v2\/media?parent=134265"}],"wp:term":[{"taxonomy":"category","embeddable":true,"href":"https:\/\/linitiative.ca\/International\/wp-json\/wp\/v2\/categories?post=134265"},{"taxonomy":"post_tag","embeddable":true,"href":"https:\/\/linitiative.ca\/International\/wp-json\/wp\/v2\/tags?post=134265"}],"curies":[{"name":"wp","href":"https:\/\/api.w.org\/{rel}","templated":true}]}}