{"id":134266,"date":"2021-11-28T17:09:15","date_gmt":"2021-11-28T22:09:15","guid":{"rendered":"https:\/\/linitiative.ca\/International\/un-policier-poignarde-a-paris-la-police-recherche-les-agresseurs\/"},"modified":"2021-11-28T17:09:15","modified_gmt":"2021-11-28T22:09:15","slug":"un-policier-poignarde-a-paris-la-police-recherche-les-agresseurs","status":"publish","type":"post","link":"https:\/\/linitiative.ca\/International\/un-policier-poignarde-a-paris-la-police-recherche-les-agresseurs\/","title":{"rendered":"Un policier poignard\u00e9 \u00e0 Paris\u00a0: La police recherche les agresseurs"},"content":{"rendered":"<div>\n<p>Un policier \u00abhors service\u00bb de 29 ans a \u00e9t\u00e9 gri\u00e8vement bless\u00e9 \u00e0 l\u2019arme blanche dans un centre commercial, dans le 13e arrondissement de Paris. L\u2019agression s\u2019est produite ce dimanche 28 novembre vers 18h40 alors que le policier \u00e9tat avec sa compagne. Plusieurs jeunes d\u00e9crits comme \u00e9tant \u00abdes individus de type africain\u00bb auraient alors fait une [\u2026]<\/p>\n<p>L\u2019article <a href=\"https:\/\/www.tunisienumerique.com\/un-policier-poignarde-a-paris-la-police-recherche-les-agresseurs\/\">Un policier poignard\u00e9 \u00e0 Paris\u00a0: La police recherche les agresseurs<\/a> est apparu en premier sur <a href=\"https:\/\/www.tunisienumerique.com\/\">Tunisie<\/a>.<\/p>\n<\/div>\n<p>Auteur: LM<br \/>\n<a href=\"https:\/\/www.tunisienumerique.com\/un-policier-poignarde-a-paris-la-police-recherche-les-agresseurs\/\">Cliquez ici pour lire l&rsquo;article depuis sa source.<\/a><\/p>\n","protected":false},"excerpt":{"rendered":"<p>Un policier \u00abhors service\u00bb de 29 ans a \u00e9t\u00e9 gri\u00e8vement bless\u00e9 \u00e0 l\u2019arme blanche dans un centre commercial, dans le 13e arrondissement de Paris. L\u2019agression s\u2019est produite ce dimanche 28 novembre vers 18h40 alors que le policier \u00e9tat avec sa compagne. Plusieurs jeunes d\u00e9crits comme \u00e9tant \u00abdes individus de type africain\u00bb auraient alors fait une [&hellip;]<\/p>\n","protected":false},"author":1789,"featured_media":0,"comment_status":"closed","ping_status":"closed","sticky":false,"template":"","format":"standard","meta":{"fifu_image_url":"","fifu_image_alt":"","footnotes":""},"categories":[73,55],"tags":[],"class_list":["post-134266","post","type-post","status-publish","format-standard","hentry","category-actualite","category-tunisie"],"_links":{"self":[{"href":"https:\/\/linitiative.ca\/International\/wp-json\/wp\/v2\/posts\/134266","targetHints":{"allow":["GET"]}}],"collection":[{"href":"https:\/\/linitiative.ca\/International\/wp-json\/wp\/v2\/posts"}],"about":[{"href":"https:\/\/linitiative.ca\/International\/wp-json\/wp\/v2\/types\/post"}],"author":[{"embeddable":true,"href":"https:\/\/linitiative.ca\/International\/wp-json\/wp\/v2\/users\/1789"}],"replies":[{"embeddable":true,"href":"https:\/\/linitiative.ca\/International\/wp-json\/wp\/v2\/comments?post=134266"}],"version-history":[{"count":0,"href":"https:\/\/linitiative.ca\/International\/wp-json\/wp\/v2\/posts\/134266\/revisions"}],"wp:attachment":[{"href":"https:\/\/linitiative.ca\/International\/wp-json\/wp\/v2\/media?parent=134266"}],"wp:term":[{"taxonomy":"category","embeddable":true,"href":"https:\/\/linitiative.ca\/International\/wp-json\/wp\/v2\/categories?post=134266"},{"taxonomy":"post_tag","embeddable":true,"href":"https:\/\/linitiative.ca\/International\/wp-json\/wp\/v2\/tags?post=134266"}],"curies":[{"name":"wp","href":"https:\/\/api.w.org\/{rel}","templated":true}]}}