{"id":134267,"date":"2021-11-28T17:22:13","date_gmt":"2021-11-28T22:22:13","guid":{"rendered":"https:\/\/linitiative.ca\/International\/tunisie-mehdi-ben-gharbia-toujours-en-greve-de-la-faim\/"},"modified":"2021-11-28T17:22:13","modified_gmt":"2021-11-28T22:22:13","slug":"tunisie-mehdi-ben-gharbia-toujours-en-greve-de-la-faim","status":"publish","type":"post","link":"https:\/\/linitiative.ca\/International\/tunisie-mehdi-ben-gharbia-toujours-en-greve-de-la-faim\/","title":{"rendered":"Tunisie \u2013 Mehdi Ben Gharbia toujours en gr\u00e8ve de la faim"},"content":{"rendered":"<div>\n<p>Les avocats du d\u00e9put\u00e9 gel\u00e9, Mehdi Ben Gharbia, actuellement incarc\u00e9r\u00e9, ont annonc\u00e9, dans un communiqu\u00e9 \u00e0 l\u2019attention du public, que leur client observe, toujours, une gr\u00e8ve de la faim, en prison, depuis le 5 novembre. Et ce, apr\u00e8s qu\u2019il ait \u00e9t\u00e9 emp\u00each\u00e9 par la direction p\u00e9nitentiaire de rencontrer son fils de cinq ans, sans barri\u00e8res [\u2026]<\/p>\n<p>L\u2019article <a href=\"https:\/\/www.tunisienumerique.com\/tunisie-mehdi-ben-gharbia-toujours-en-greve-de-la-faim\/\">Tunisie \u2013 Mehdi Ben Gharbia toujours en gr\u00e8ve de la faim<\/a> est apparu en premier sur <a href=\"https:\/\/www.tunisienumerique.com\/\">Tunisie<\/a>.<\/p>\n<\/div>\n<p>Auteur: LM<br \/>\n<a href=\"https:\/\/www.tunisienumerique.com\/tunisie-mehdi-ben-gharbia-toujours-en-greve-de-la-faim\/\">Cliquez ici pour lire l&rsquo;article depuis sa source.<\/a><\/p>\n","protected":false},"excerpt":{"rendered":"<p>Les avocats du d\u00e9put\u00e9 gel\u00e9, Mehdi Ben Gharbia, actuellement incarc\u00e9r\u00e9, ont annonc\u00e9, dans un communiqu\u00e9 \u00e0 l\u2019attention du public, que leur client observe, toujours, une gr\u00e8ve de la faim, en prison, depuis le 5 novembre. Et ce, apr\u00e8s qu\u2019il ait \u00e9t\u00e9 emp\u00each\u00e9 par la direction p\u00e9nitentiaire de rencontrer son fils de cinq ans, sans barri\u00e8res [&hellip;]<\/p>\n","protected":false},"author":1789,"featured_media":0,"comment_status":"closed","ping_status":"closed","sticky":false,"template":"","format":"standard","meta":{"fifu_image_url":"","fifu_image_alt":"","footnotes":""},"categories":[73,55],"tags":[],"class_list":["post-134267","post","type-post","status-publish","format-standard","hentry","category-actualite","category-tunisie"],"_links":{"self":[{"href":"https:\/\/linitiative.ca\/International\/wp-json\/wp\/v2\/posts\/134267","targetHints":{"allow":["GET"]}}],"collection":[{"href":"https:\/\/linitiative.ca\/International\/wp-json\/wp\/v2\/posts"}],"about":[{"href":"https:\/\/linitiative.ca\/International\/wp-json\/wp\/v2\/types\/post"}],"author":[{"embeddable":true,"href":"https:\/\/linitiative.ca\/International\/wp-json\/wp\/v2\/users\/1789"}],"replies":[{"embeddable":true,"href":"https:\/\/linitiative.ca\/International\/wp-json\/wp\/v2\/comments?post=134267"}],"version-history":[{"count":0,"href":"https:\/\/linitiative.ca\/International\/wp-json\/wp\/v2\/posts\/134267\/revisions"}],"wp:attachment":[{"href":"https:\/\/linitiative.ca\/International\/wp-json\/wp\/v2\/media?parent=134267"}],"wp:term":[{"taxonomy":"category","embeddable":true,"href":"https:\/\/linitiative.ca\/International\/wp-json\/wp\/v2\/categories?post=134267"},{"taxonomy":"post_tag","embeddable":true,"href":"https:\/\/linitiative.ca\/International\/wp-json\/wp\/v2\/tags?post=134267"}],"curies":[{"name":"wp","href":"https:\/\/api.w.org\/{rel}","templated":true}]}}