{"id":134286,"date":"2021-11-28T16:18:02","date_gmt":"2021-11-28T21:18:02","guid":{"rendered":"https:\/\/linitiative.ca\/International\/le-maroc-suspend-tous-les-vols-directs-de-passagers-a-destination-du-royaume-pour-deux-semaines\/"},"modified":"2021-11-28T16:18:02","modified_gmt":"2021-11-28T21:18:02","slug":"le-maroc-suspend-tous-les-vols-directs-de-passagers-a-destination-du-royaume-pour-deux-semaines","status":"publish","type":"post","link":"https:\/\/linitiative.ca\/International\/le-maroc-suspend-tous-les-vols-directs-de-passagers-a-destination-du-royaume-pour-deux-semaines\/","title":{"rendered":"Le Maroc suspend tous les vols directs de passagers \u00e0 destination du Royaume pour deux semaines"},"content":{"rendered":"<div>\n<p><img loading=\"lazy\" decoding=\"async\" width=\"780\" height=\"468\" src=\"https:\/\/linitiative.ca\/International\/wp-content\/uploads\/sites\/23\/2021\/11\/16381342824068.jpg\" class=\"attachment-post-thumbnail size-post-thumbnail wp-post-image\" alt=\"\" srcset=\"https:\/\/linitiative.ca\/International\/wp-content\/uploads\/sites\/23\/2021\/11\/16381342824068.jpg 780w, https:\/\/www.journalducameroun.com\/wp-content\/uploads\/2021\/11\/16381342824068-300x180.jpg 300w, https:\/\/www.journalducameroun.com\/wp-content\/uploads\/2021\/11\/16381342824068-768x461.jpg 768w, https:\/\/www.journalducameroun.com\/wp-content\/uploads\/2021\/11\/16381342824068-733x440.jpg 733w, https:\/\/www.journalducameroun.com\/wp-content\/uploads\/2021\/11\/16381342824068-600x360.jpg 600w\" sizes=\"auto, (max-width: 780px) 100vw, 780px\"><\/p>\n<p>Les autorit\u00e9s marocaines ont annonc\u00e9, dimanche, la suspension de tous les vols directs de passagers \u00e0 destination du Royaume, pour une dur\u00e9e de deux semaines, \u00e0 compter du lundi 29 novembre 2021 \u00e0 23h59.\u00ab En raison de la propagation rapide du nouveau variant du virus de la Covid-19 \u2013 Omicron (B.1.1.529), notamment en Europe et en Afrique, et afin de pr\u00e9server les acquis r\u00e9alis\u00e9s par le Maroc dans la lutte contre la pand\u00e9mie et prot\u00e9ger la sant\u00e9 des citoyens, il a \u00e9t\u00e9 d\u00e9cid\u00e9 de suspendre tous les vols directs de passagers \u00e0 destination du Royaume du Maroc, pour une dur\u00e9e de 2 semaines, \u00e0 compter du lundi 29 novembre 2021 \u00e0 23h59 \u00bb, indique un communiqu\u00e9 du Comit\u00e9 interminist\u00e9riel de suivi du Covid<\/p>\n<p>Une \u00e9valuation de la situation sera entreprise r\u00e9guli\u00e8rement afin d&rsquo;ajuster, au besoin, les mesures n\u00e9cessaires, ajoute la m\u00eame source.<\/p>\n<p>Les premiers cas positifs au nouveau variant du coronavirus Omicron se sont multipli\u00e9s dans le monde. L&rsquo;inqui\u00e9tude pousse \u00e0 des restrictions de voyages tandis que le monde continue d&rsquo;isoler l&rsquo;Afrique australe.<\/p>\n<p>Apr\u00e8s la Belgique, la Grande-Bretagne, l&rsquo;Allemagne et l&rsquo;Italie, la R\u00e9publique tch\u00e8que a annonc\u00e9 un premier cas sur une patiente Covid-19 hospitalis\u00e9e avec de l\u00e9gers sympt\u00f4mes.<\/p>\n<p>A Amsterdam, une soixantaine de passagers, d\u00e9barqu\u00e9s vendredi de Johannesburg et du Cap, \u00e9taient toujours en quarantaine pr\u00e8s de l&rsquo;a\u00e9roport.<\/p>\n<p>Premier \u00e0 suspendre les vols depuis l&rsquo;Afrique du Sud, le gouvernement britannique a annonc\u00e9 un durcissement des r\u00e8gles d&rsquo;entr\u00e9e pour les arrivants de toutes provenances: test PCR et isolement obligatoires jusqu&rsquo;au r\u00e9sultat, parall\u00e8lement au retour du masque obligatoire dans tous les commerces.<\/p>\n<p>La Suisse a \u00e9galement annonc\u00e9 que les personnes en provenance des Pays-Bas, du Royaume-Uni, de R\u00e9publique tch\u00e8que, d&rsquo;Egypte et du Malawi devaient pr\u00e9senter, \u00e0 l&#8217;embarquement et \u00e0 l&rsquo;entr\u00e9e en Suisse, un test Covid n\u00e9gatif et se placer 10 jours en quarantaine.<\/p>\n<p>Selon l&rsquo;OMS, il faudra plusieurs semaines pour mieux comprendre le nouveau variant d\u00e9tect\u00e9 en Afrique du Sud<\/p>\n<p>La veille et l&rsquo;avant-veille, des cas avaient \u00e9t\u00e9 signal\u00e9s \u00e0 Hong Kong, en Isra\u00ebl sur une personne revenue du Malawi et au Botswana, ainsi que sur une vingtaine de personnes en Afrique du Sud.<\/p>\n<p>Le nouveau variant a \u00e9t\u00e9 class\u00e9 comme \u00ab\u00a0pr\u00e9occupant\u00a0\u00bb par l&rsquo;Organisation mondiale de la sant\u00e9 (OMS) qui a toutefois d\u00e9conseill\u00e9 les restrictions sur les voyages et qui estime qu&rsquo;il faudra \u00ab\u00a0plusieurs semaines\u00a0\u00bb pour comprendre la virulence du nouveau variant.<\/p>\n<p>Cet article <a rel=\"nofollow\" href=\"https:\/\/www.journalducameroun.com\/le-maroc-suspend-tous-les-vols-directs-de-passagers-a-destination-du-royaume-pour-deux-semaines\/\">Le Maroc suspend tous les vols directs de passagers \u00e0 destination du Royaume pour deux semaines<\/a> est apparu en premier sur <a rel=\"nofollow\" href=\"https:\/\/www.journalducameroun.com\/\">Journal du Cameroun<\/a>.<\/p>\n<\/div>\n<p>Auteur: APA News<br \/>\n<a href=\"https:\/\/www.journalducameroun.com\/le-maroc-suspend-tous-les-vols-directs-de-passagers-a-destination-du-royaume-pour-deux-semaines\/\">Cliquez ici pour lire l&rsquo;article depuis sa source.<\/a><\/p>\n","protected":false},"excerpt":{"rendered":"<p>Les autorit\u00e9s marocaines ont annonc\u00e9, dimanche, la suspension de tous les vols directs de passagers \u00e0 destination du Royaume, pour une dur\u00e9e de deux semaines, \u00e0 compter du lundi 29 novembre 2021 \u00e0 23h59.\u00ab En raison de la propagation rapide du nouveau variant du virus de la Covid-19 \u2013 Omicron (B.1.1.529), notamment en Europe et [&hellip;]<\/p>\n","protected":false},"author":1965,"featured_media":0,"comment_status":"closed","ping_status":"closed","sticky":false,"template":"","format":"standard","meta":{"fifu_image_url":"https:\/\/www.journalducameroun.com\/wp-content\/uploads\/2021\/11\/16381342824068.jpg","fifu_image_alt":"Le Maroc suspend tous les vols directs de passagers \u00e0 destination du Royaume pour deux semaines","footnotes":""},"categories":[73,82],"tags":[],"class_list":["post-134286","post","type-post","status-publish","format-standard","hentry","category-actualite","category-cameroun"],"_links":{"self":[{"href":"https:\/\/linitiative.ca\/International\/wp-json\/wp\/v2\/posts\/134286","targetHints":{"allow":["GET"]}}],"collection":[{"href":"https:\/\/linitiative.ca\/International\/wp-json\/wp\/v2\/posts"}],"about":[{"href":"https:\/\/linitiative.ca\/International\/wp-json\/wp\/v2\/types\/post"}],"author":[{"embeddable":true,"href":"https:\/\/linitiative.ca\/International\/wp-json\/wp\/v2\/users\/1965"}],"replies":[{"embeddable":true,"href":"https:\/\/linitiative.ca\/International\/wp-json\/wp\/v2\/comments?post=134286"}],"version-history":[{"count":0,"href":"https:\/\/linitiative.ca\/International\/wp-json\/wp\/v2\/posts\/134286\/revisions"}],"wp:attachment":[{"href":"https:\/\/linitiative.ca\/International\/wp-json\/wp\/v2\/media?parent=134286"}],"wp:term":[{"taxonomy":"category","embeddable":true,"href":"https:\/\/linitiative.ca\/International\/wp-json\/wp\/v2\/categories?post=134286"},{"taxonomy":"post_tag","embeddable":true,"href":"https:\/\/linitiative.ca\/International\/wp-json\/wp\/v2\/tags?post=134286"}],"curies":[{"name":"wp","href":"https:\/\/api.w.org\/{rel}","templated":true}]}}