{"id":134288,"date":"2021-11-28T16:18:02","date_gmt":"2021-11-28T21:18:02","guid":{"rendered":"https:\/\/linitiative.ca\/International\/variant-omicron-le-sommet-euro-mediterraneen-de-marrakech-reporte\/"},"modified":"2021-11-28T16:18:02","modified_gmt":"2021-11-28T21:18:02","slug":"variant-omicron-le-sommet-euro-mediterraneen-de-marrakech-reporte","status":"publish","type":"post","link":"https:\/\/linitiative.ca\/International\/variant-omicron-le-sommet-euro-mediterraneen-de-marrakech-reporte\/","title":{"rendered":"Variant Omicron : Le Sommet euro-m\u00e9diterran\u00e9en de Marrakech report\u00e9"},"content":{"rendered":"<div>\n<p><img loading=\"lazy\" decoding=\"async\" width=\"290\" height=\"174\" src=\"https:\/\/linitiative.ca\/International\/wp-content\/uploads\/sites\/23\/2021\/11\/16381342827706.jpg\" class=\"attachment-post-thumbnail size-post-thumbnail wp-post-image\" alt=\"\"><\/p>\n<p>Le Sommet euro-m\u00e9diterran\u00e9en, qui devait r\u00e9unir le Comit\u00e9 Economique et Social Europ\u00e9en et le Conseil Economique Social et Environnemental du Maroc (CESE), les 1er et 2 d\u00e9cembre prochain, a \u00e9t\u00e9 report\u00e9 \u00e0 une date ult\u00e9rieure, en raison de l&rsquo;\u00e9volution de la situation \u00e9pid\u00e9mique.Dans un communiqu\u00e9 conjoint, le Comit\u00e9 Economique et Social Europ\u00e9en et le Conseil Economique Social et Environnemental (CESE) ont annonc\u00e9 le report, dans donner de date pr\u00e9cise, du sommet euro-m\u00e9diterran\u00e9en pr\u00e9vu initialement \u00e0 Marrakech, les 1er et 2 d\u00e9cembre.<\/p>\n<p>\u00ab Le CES Europ\u00e9en et le CESE du Maroc tiennent \u00e0 remercier toutes celles et tous ceux qui ont manifest\u00e9 leur int\u00e9r\u00eat \u00e0 cette rencontre pour leur compr\u00e9hension et leur donnent rendez-vous l&rsquo;ann\u00e9e prochaine \u00bb, indique ce communiqu\u00e9 conjoint.<\/p>\n<p>Ce sommet devait \u00eatre consacr\u00e9 au th\u00e8me de \u00ab la Covid-19: le r\u00f4le de la soci\u00e9t\u00e9 civile dans la reconstruction et la r\u00e9silience de la r\u00e9gion euro-m\u00e9diterran\u00e9enne\u00bb.<\/p>\n<p>Cet article <a rel=\"nofollow\" href=\"https:\/\/www.journalducameroun.com\/variant-omicron-le-sommet-euro-mediterraneen-de-marrakech-reporte\/\">Variant Omicron : Le Sommet euro-m\u00e9diterran\u00e9en de Marrakech report\u00e9<\/a> est apparu en premier sur <a rel=\"nofollow\" href=\"https:\/\/www.journalducameroun.com\/\">Journal du Cameroun<\/a>.<\/p>\n<\/div>\n<p>Auteur: APA News<br \/>\n<a href=\"https:\/\/www.journalducameroun.com\/variant-omicron-le-sommet-euro-mediterraneen-de-marrakech-reporte\/\">Cliquez ici pour lire l&rsquo;article depuis sa source.<\/a><\/p>\n","protected":false},"excerpt":{"rendered":"<p>Le Sommet euro-m\u00e9diterran\u00e9en, qui devait r\u00e9unir le Comit\u00e9 Economique et Social Europ\u00e9en et le Conseil Economique Social et Environnemental du Maroc (CESE), les 1er et 2 d\u00e9cembre prochain, a \u00e9t\u00e9 report\u00e9 \u00e0 une date ult\u00e9rieure, en raison de l&rsquo;\u00e9volution de la situation \u00e9pid\u00e9mique.Dans un communiqu\u00e9 conjoint, le Comit\u00e9 Economique et Social Europ\u00e9en et le Conseil [&hellip;]<\/p>\n","protected":false},"author":1965,"featured_media":0,"comment_status":"closed","ping_status":"closed","sticky":false,"template":"","format":"standard","meta":{"fifu_image_url":"https:\/\/www.journalducameroun.com\/wp-content\/uploads\/2021\/11\/16381342827706.jpg","fifu_image_alt":"Variant Omicron : Le Sommet euro-m\u00e9diterran\u00e9en de Marrakech report\u00e9","footnotes":""},"categories":[73,82],"tags":[],"class_list":["post-134288","post","type-post","status-publish","format-standard","hentry","category-actualite","category-cameroun"],"_links":{"self":[{"href":"https:\/\/linitiative.ca\/International\/wp-json\/wp\/v2\/posts\/134288","targetHints":{"allow":["GET"]}}],"collection":[{"href":"https:\/\/linitiative.ca\/International\/wp-json\/wp\/v2\/posts"}],"about":[{"href":"https:\/\/linitiative.ca\/International\/wp-json\/wp\/v2\/types\/post"}],"author":[{"embeddable":true,"href":"https:\/\/linitiative.ca\/International\/wp-json\/wp\/v2\/users\/1965"}],"replies":[{"embeddable":true,"href":"https:\/\/linitiative.ca\/International\/wp-json\/wp\/v2\/comments?post=134288"}],"version-history":[{"count":0,"href":"https:\/\/linitiative.ca\/International\/wp-json\/wp\/v2\/posts\/134288\/revisions"}],"wp:attachment":[{"href":"https:\/\/linitiative.ca\/International\/wp-json\/wp\/v2\/media?parent=134288"}],"wp:term":[{"taxonomy":"category","embeddable":true,"href":"https:\/\/linitiative.ca\/International\/wp-json\/wp\/v2\/categories?post=134288"},{"taxonomy":"post_tag","embeddable":true,"href":"https:\/\/linitiative.ca\/International\/wp-json\/wp\/v2\/tags?post=134288"}],"curies":[{"name":"wp","href":"https:\/\/api.w.org\/{rel}","templated":true}]}}