{"id":134323,"date":"2021-11-29T05:18:16","date_gmt":"2021-11-29T10:18:16","guid":{"rendered":"https:\/\/linitiative.ca\/International\/sm-le-roi-adresse-un-message-au-president-du-comite-des-nations-unies-pour-lexercice-des-droits-inalienables-du-peuple-palestinien\/"},"modified":"2021-11-29T05:18:16","modified_gmt":"2021-11-29T10:18:16","slug":"sm-le-roi-adresse-un-message-au-president-du-comite-des-nations-unies-pour-lexercice-des-droits-inalienables-du-peuple-palestinien","status":"publish","type":"post","link":"https:\/\/linitiative.ca\/International\/sm-le-roi-adresse-un-message-au-president-du-comite-des-nations-unies-pour-lexercice-des-droits-inalienables-du-peuple-palestinien\/","title":{"rendered":"SM le Roi adresse un message au pr\u00e9sident du Comit\u00e9 des Nations Unies pour l\u2019exercice des droits inali\u00e9nables du peuple palestinien"},"content":{"rendered":"<div>\n<div style=\"margin-bottom:20px;\"><img loading=\"lazy\" decoding=\"async\" width=\"750\" height=\"430\" src=\"https:\/\/linitiative.ca\/International\/wp-content\/uploads\/sites\/23\/2021\/11\/SM-le-Roi.jpg\" class=\"attachment-post-thumbnail size-post-thumbnail wp-post-image\" alt=\"\" srcset=\"https:\/\/linitiative.ca\/International\/wp-content\/uploads\/sites\/23\/2021\/11\/SM-le-Roi.jpg 750w, http:\/\/www.mapmarrakech.ma\/map\/uploads\/2021\/11\/SM-le-Roi-300x172.jpg 300w\" sizes=\"auto, (max-width: 750px) 100vw, 750px\"><\/div>\n<p>Voici le texte int\u00e9gral du Message Royal.<\/p>\n<p>\u00ab\u00a0Louange \u00e0 Dieu, Pri\u00e8re et salut sur le Proph\u00e8te, Sa famille et Ses compagnons,<\/p>\n<p>Excellence, Monsieur Cheikh Niang, Pr\u00e9sident du Comit\u00e9 pour l\u2019exercice des droits inali\u00e9nables du peuple palestinien,<\/p>\n<p>Excellences, Mesdames, Messieurs,<\/p>\n<p>Nous avons une nouvelle fois le plaisir d\u2019adresser Nos sinc\u00e8res remerciements au pr\u00e9sident de l\u2019honorable Comit\u00e9 et \u00e0 ses respectables membres. Nous les assurons de Notre consid\u00e9ration pour les efforts s\u00e9rieux qu\u2019ils d\u00e9ploient, dans le cadre de leurs attributions afin que triomphent la Cause palestinienne et les droits inali\u00e9nables du peuple de la Palestine.<\/p>\n<p>Nous avons affirm\u00e9, \u00e0 plusieurs occasions, Notre position constante quant \u00e0 la justesse de la Cause palestinienne qui demeure au c\u0153ur du conflit au Moyen-Orient.<\/p>\n<p>En effet, la volont\u00e9 d\u2019assurer la stabilit\u00e9, la prosp\u00e9rit\u00e9 et le bien-\u00eatre dans la r\u00e9gion est \u00e9troitement li\u00e9e \u00e0 la qu\u00eate d\u2019une solution juste et durable \u00e0 cette Cause juste, conform\u00e9ment \u00e0 la solution \u00e0 deux \u00c9tats sur la base des fronti\u00e8res du 4 juin 1967 et dans le cadre des r\u00e9solutions de la l\u00e9galit\u00e9 internationale.<\/p>\n<p>C\u2019est \u00e9galement l\u2019occasion pour Nous de r\u00e9affirmer Notre enti\u00e8re solidarit\u00e9 avec le peuple palestinien et Notre total soutien \u00e0 son droit l\u00e9gitime : l\u2019instauration d\u2019un \u00c9tat ind\u00e9pendant et viable coexistant dans la s\u00e9curit\u00e9 et la paix avec Isra\u00ebl.<\/p>\n<p>A cet \u00e9gard, Nous soulignons que la position ferme du Maroc n\u2019a jamais \u00e9t\u00e9 dict\u00e9e par les circonstances et encore moins par une conjoncture particuli\u00e8re.<\/p>\n<p>Elle ne s\u2019inscrit non plus dans le cadre de d\u00e9bats ou de surench\u00e8res politiques st\u00e9riles.<\/p>\n<p>Sa position est fond\u00e9e sur une conviction et une foi in\u00e9branlables que partagent unanimement les Marocains et elle est soutenue par un effort diplomatique constant et constructif ainsi que par un travail de terrain en faveur de la Cause palestinienne juste et de la Ville sainte d\u2019Al-Qods.<\/p>\n<p>A ce propos, dans la lettre que Nous avons adress\u00e9e \u00e0 Notre fr\u00e8re, Son Excellence, Monsieur Mahmoud Abbas, Pr\u00e9sident de l\u2019Etat de Palestine, le 18 d\u00e9cembre 2020, Nous avons r\u00e9it\u00e9r\u00e9 la ferme position du Maroc en faveur de la Cause palestinienne, sur la base de la solution \u00e0 deux \u00c9tats convenue au niveau international et Nous avons rappel\u00e9 Notre attachement \u00e0 des n\u00e9gociations entre les protagonistes, comme seul moyen de parvenir \u00e0 une solution d\u00e9finitive, durable et globale.<\/p>\n<p>Mesdames et Messieurs,<\/p>\n<p>Ces derni\u00e8res ann\u00e9es, pour continuer \u00e0 assumer ses responsabilit\u00e9s envers la Cause palestinienne et les droits du peuple palestinien, le Comit\u00e9 a op\u00e9r\u00e9 un bond qualitatif dans son action, \u00e0 travers les programmes annuels qu\u2019il a \u00e9labor\u00e9s.<\/p>\n<p>Le Royaume du Maroc a d\u2019ailleurs eu l\u2019honneur d\u2019abriter l\u2019un d\u2019eux en rapport avec Al-Qods.<\/p>\n<p>Toutefois, cette ann\u00e9e, la Journ\u00e9e internationale de solidarit\u00e9 avec le peuple palestinien rev\u00eat une importance d\u2019autant plus particuli\u00e8re qu\u2019elle intervient dans un contexte r\u00e9gional et international extr\u00eamement d\u00e9licat et complexe.<\/p>\n<p>De fait, sept ann\u00e9es se sont \u00e9coul\u00e9es depuis l\u2019arr\u00eat des n\u00e9gociations directes entre les parties palestinienne et isra\u00e9lienne, sept ann\u00e9es au cours desquelles s\u2019est \u00e9vapor\u00e9e leur confiance mutuelle, alors qu\u2019elle aurait pu \u00eatre mise \u00e0 profit pour parvenir \u00e0 la solution tant attendue par la communaut\u00e9 internationale.<\/p>\n<p>Dans ce contexte, l\u2019impasse dans laquelle se trouve le processus de paix au Moyen-Orient fait peser une lourde responsabilit\u00e9 sur la communaut\u00e9 internationale et, en particulier, sur les pays influents, ceux qui jouent un r\u00f4le d\u00e9terminant dans la gestion du conflit et dans le r\u00e8glement des probl\u00e8mes qui, en se multipliant et s\u2019imbriquant, emp\u00eachent toute perc\u00e9e dans le processus politique.<\/p>\n<p>Les affrontements d\u00e9plorables survenus dans la r\u00e9gion en mai dernier et qui ont fait plusieurs victimes innocentes de part et d\u2019autre ont \u00e9t\u00e9 l\u2019une des principales entraves au processus de r\u00e8glement politique du conflit.<\/p>\n<p>Par cons\u00e9quent, Nous r\u00e9it\u00e9rons l\u2019appel pour que soient lanc\u00e9s des efforts diplomatiques intensifs et efficaces, afin de relancer les n\u00e9gociations entre les deux parties dans la perspective de trouver une issue favorable \u00e0 la question palestinienne dans le cadre de la solution \u00e0 deux \u00c9tats et, in fine de construire un avenir prometteur pour les g\u00e9n\u00e9rations palestinienne et isra\u00e9lienne.<\/p>\n<p>En attendant de r\u00e9unir les conditions favorables \u00e0 cette fin, la confiance mutuelle doit \u00eatre restaur\u00e9e.<\/p>\n<p>Cependant, m\u00eame guid\u00e9 par les intentions les plus pures, tout effort d\u00e9ploy\u00e9 dans ce sens ne saurait aboutir si continuent \u00e0 \u00eatre prises des mesures unilat\u00e9rales, an\u00e9antissant toute chance de paix et alimentant la violence et la haine.<\/p>\n<p>Pour sa part, en mettant \u00e0 profit sa position et ses relations privil\u00e9gi\u00e9es avec toutes les parties et les puissances internationales agissantes, le Maroc poursuivra ses efforts afin de r\u00e9unir les conditions propices \u00e0 un retour des parties \u00e0 la table des n\u00e9gociations, unique voie pour que soit mis un terme \u00e0 ce conflit et que s\u2019instaurent la s\u00e9curit\u00e9 et la stabilit\u00e9 dans la r\u00e9gion du Moyen-Orient.<\/p>\n<p>Mesdames et Messieurs,<\/p>\n<p>Nous exhortons la communaut\u00e9 internationale \u00e0 apporter son aide pour que les deux parties r\u00e9tablissent une confiance r\u00e9ciproque et qu\u2019elles s\u2019abstiennent de tout agissement susceptible d\u2019entraver le processus de paix.<\/p>\n<p>De m\u00eame, Nous appelons \u00e0 pr\u00e9server l\u2019identit\u00e9 arabe et islamique d\u2019Al-Qods, ainsi que son statut juridique, historique et d\u00e9mographique, la ville Sainte restant ouverte par ailleurs aux adeptes des religions monoth\u00e9istes, vivant dans la fraternit\u00e9, l\u2019entente et la paix.<\/p>\n<p>En Notre qualit\u00e9 de Pr\u00e9sident du Comit\u00e9 Al-Qods issu de l\u2019Organisation de la coop\u00e9ration islamique (OCI), Nous avons, personnellement, \u0153uvr\u00e9 constamment et d\u00e9ploy\u00e9 tous les moyens possibles pour pr\u00e9server le statut particulier et singulier de cette ville sainte : carrefour des trois religions monoth\u00e9istes, patrimoine commun de l\u2019humanit\u00e9 et haut-lieu de coexistence et de brassage, comme indiqu\u00e9 dans l\u2019Appel d\u2019Al-Qods, que Nous avons sign\u00e9 avec Sa Saintet\u00e9 le Pape Fran\u00e7ois lors de sa visite au Royaume du Maroc, le 30 mars 2019.<\/p>\n<p>Mesdames et Messieurs,<\/p>\n<p>Nous constatons avec regret qu\u2019apr\u00e8s des ann\u00e9es de division, le processus de r\u00e9conciliation inter-palestinienne pi\u00e9tine toujours, ce qui ne sert en rien la Cause palestinienne juste.<\/p>\n<p>Aussi, Nous renouvelons Notre appel aux fr\u00e8res palestiniens de tous bords pour mettre de c\u00f4t\u00e9 leurs diff\u00e9rends et acc\u00e9l\u00e9rer la r\u00e9conciliation, en faveur du noble projet national palestinien.<\/p>\n<p>Nous assurons \u00e9galement l\u2019Autorit\u00e9 nationale palestinienne, sous la direction de Notre fr\u00e8re, le Pr\u00e9sident Mahmoud Abbas, de Notre soutien plein et entier aux efforts qu\u2019il d\u00e9ploie pour concr\u00e9tiser les aspirations du peuple palestinien fr\u00e8re \u00e0 la libert\u00e9 et \u00e0 l\u2019ind\u00e9pendance, \u00e0 l\u2019unit\u00e9 et \u00e0 la prosp\u00e9rit\u00e9.<\/p>\n<p>Pour conclure, Nous saluons les efforts sinc\u00e8res de votre honorable Comit\u00e9 et Nous r\u00e9affirmons Notre appui ind\u00e9fectible \u00e0 la noble entreprise dans laquelle il est engag\u00e9 pour d\u00e9fendre les droits l\u00e9gitimes du peuple palestinien.<\/p>\n<p>Ainsi, il pourra contribuer aux efforts internationaux visant \u00e0 instaurer la paix et la stabilit\u00e9, et \u00e0 assurer la coexistence et la prosp\u00e9rit\u00e9 pour tous les peuples de la r\u00e9gion.<\/p>\n<p>Puisse Dieu guider vos pas et couronner vos travaux de succ\u00e8s.<\/p>\n<p>Wassalamou alaykoum warahmatou Allah wabarakatouh\u00a0\u00bb.<\/p>\n<p>The post <a rel=\"nofollow\" href=\"http:\/\/www.mapmarrakech.ma\/fr\/sm-le-roi-adresse-un-message-au-president-du-comite-des-nations-unies-pour-lexercice-des-droits-inalienables-du-peuple-palestinien\/\">SM le Roi adresse un message au pr\u00e9sident du Comit\u00e9 des Nations Unies pour l\u2019exercice des droits inali\u00e9nables du peuple palestinien<\/a> appeared first on <a rel=\"nofollow\" href=\"http:\/\/www.mapmarrakech.ma\/fr\">MapMarrakech<\/a>.<\/p>\n<\/div>\n<p>Auteur: Meriem IGASS<br \/>\n<a href=\"http:\/\/www.mapmarrakech.ma\/fr\/sm-le-roi-adresse-un-message-au-president-du-comite-des-nations-unies-pour-lexercice-des-droits-inalienables-du-peuple-palestinien\/\">Cliquez ici pour lire l&rsquo;article depuis sa source.<\/a><\/p>\n","protected":false},"excerpt":{"rendered":"<p>Voici le texte int\u00e9gral du Message Royal. \u00ab\u00a0Louange \u00e0 Dieu, Pri\u00e8re et salut sur le Proph\u00e8te, Sa famille et Ses compagnons, Excellence, Monsieur Cheikh Niang, Pr\u00e9sident du Comit\u00e9 pour l\u2019exercice des droits inali\u00e9nables du peuple palestinien, Excellences, Mesdames, Messieurs, Nous avons une nouvelle fois le plaisir d\u2019adresser Nos sinc\u00e8res remerciements au pr\u00e9sident de l\u2019honorable Comit\u00e9 [&hellip;]<\/p>\n","protected":false},"author":1788,"featured_media":0,"comment_status":"closed","ping_status":"closed","sticky":false,"template":"","format":"standard","meta":{"fifu_image_url":"http:\/\/www.mapmarrakech.ma\/map\/uploads\/2021\/11\/SM-le-Roi.jpg","fifu_image_alt":"SM le Roi adresse un message au pr\u00e9sident du Comit\u00e9 des Nations Unies pour l\u2019exercice des droits inali\u00e9nables du peuple palestinien","footnotes":""},"categories":[54,76],"tags":[],"class_list":["post-134323","post","type-post","status-publish","format-standard","hentry","category-maroc","category-regions"],"_links":{"self":[{"href":"https:\/\/linitiative.ca\/International\/wp-json\/wp\/v2\/posts\/134323","targetHints":{"allow":["GET"]}}],"collection":[{"href":"https:\/\/linitiative.ca\/International\/wp-json\/wp\/v2\/posts"}],"about":[{"href":"https:\/\/linitiative.ca\/International\/wp-json\/wp\/v2\/types\/post"}],"author":[{"embeddable":true,"href":"https:\/\/linitiative.ca\/International\/wp-json\/wp\/v2\/users\/1788"}],"replies":[{"embeddable":true,"href":"https:\/\/linitiative.ca\/International\/wp-json\/wp\/v2\/comments?post=134323"}],"version-history":[{"count":0,"href":"https:\/\/linitiative.ca\/International\/wp-json\/wp\/v2\/posts\/134323\/revisions"}],"wp:attachment":[{"href":"https:\/\/linitiative.ca\/International\/wp-json\/wp\/v2\/media?parent=134323"}],"wp:term":[{"taxonomy":"category","embeddable":true,"href":"https:\/\/linitiative.ca\/International\/wp-json\/wp\/v2\/categories?post=134323"},{"taxonomy":"post_tag","embeddable":true,"href":"https:\/\/linitiative.ca\/International\/wp-json\/wp\/v2\/tags?post=134323"}],"curies":[{"name":"wp","href":"https:\/\/api.w.org\/{rel}","templated":true}]}}