{"id":134389,"date":"2021-11-29T05:56:11","date_gmt":"2021-11-29T10:56:11","guid":{"rendered":"https:\/\/linitiative.ca\/International\/le-groupe-sabc-offre-1-milliard-de-fcfa-pour-la-reconstruction-des-regions-du-nord-ouest-et-du-sud-ouest\/"},"modified":"2021-11-29T05:56:11","modified_gmt":"2021-11-29T10:56:11","slug":"le-groupe-sabc-offre-1-milliard-de-fcfa-pour-la-reconstruction-des-regions-du-nord-ouest-et-du-sud-ouest","status":"publish","type":"post","link":"https:\/\/linitiative.ca\/International\/le-groupe-sabc-offre-1-milliard-de-fcfa-pour-la-reconstruction-des-regions-du-nord-ouest-et-du-sud-ouest\/","title":{"rendered":"Le Groupe Sabc offre 1 milliard de Fcfa pour la reconstruction des r\u00e9gions du Nord-Ouest et du Sud-Ouest"},"content":{"rendered":"<div>\n<p>\u00c0 l\u2019image du Gouvernement japonais\u00a0 et du Programme des Nations Unies pour le D\u00e9veloppement (PNUD), qui ont mobilis\u00e9 pr\u00e8s de 3 milliards de FCFA en guise de contribution au plan pr\u00e9sidentiel de reconstruction et du d\u00e9veloppement\u00a0 du Nord-Ouest et du Sud-Ouest (PPRD\/NOSO), certaines entreprises \u00a0du secteur priv\u00e9 ont r\u00e9cemment manifest\u00e9 leur solidarit\u00e9 pour la m\u00eame initiative. Il s\u2019agit de la Soci\u00e9t\u00e9 Anonyme des Brasseries du Cameroun (SABC) et du Groupement des Industries Meuni\u00e8res du Cameroun (GIMC).<\/p>\n<p><strong>Lire aussi<\/strong> : <strong><a href=\"https:\/\/ecomatin.net\/reconstruction-du-noso-ce-que-dion-ngute-ramene-du-gicam\/\">Reconstruction du Noso : ce que Joseph Dion Ngute ram\u00e8ne du Gicam<\/a><\/strong><\/p>\n<p>R\u00e9unis autour du premier ministre, Joseph Dion\u00a0Ngute et du coordonnateur national du PPRD, Paul Tasong le vendredi 26 novembre 2021, les responsables des deux structures ont sign\u00e9 une convention de financement d\u2019un montant global de\u00a01,2\u00a0milliard\u00a0de FCFA. Soit 1 milliard de FCFA pour la SABC et 200 millions de FCFA pour la GIMC. Les g\u00e9n\u00e9reux donateurs se sont engag\u00e9s \u00e0 verser cet argent sur des p\u00e9riodes respectives de 24 et 12 mois.<\/p>\n<p><strong>Lire aussi<\/strong> : <strong><a href=\"https:\/\/ecomatin.net\/le-japon-accorde-15-milliard-de-f-pour-la-reconstruction-des-regions-anglophones\/\">Le Japon accorde 1,5 milliard de F pour la reconstruction des r\u00e9gions anglophones<\/a><\/strong><\/p>\n<p>Cette importante donation va servir \u00e0 la r\u00e9habilitation des \u00e9coles et des centres de sant\u00e9 dans les deux r\u00e9gions anglophones du pays. Elle va \u00e9galement \u00eatre utilis\u00e9e dans le processus de relance de la production agricole et au redressement des PME qui ont \u00e9t\u00e9 durement touch\u00e9es par la crise. Une perspective qui r\u00e9jouit Paul Tasong, par ailleurs ministre d\u00e9l\u00e9gu\u00e9 aupr\u00e8s du ministre de l\u2019\u00c9conomie de la planification et de l\u2019am\u00e9nagement du territoire.<\/p>\n<p>\u00abLa mat\u00e9rialisation de l\u2019engagement du secteur priv\u00e9 pour la reconstruction des r\u00e9gions touch\u00e9es par la crise est source de grande satisfaction, car elle traduit la solidarit\u00e9 agissante des entreprises camerounaises \u00e0 l\u2019\u00e9gard des populations en d\u00e9tresse\u00bb,a-t-il d\u00e9clar\u00e9.<\/p>\n<p><strong>Lire aussi<\/strong> : <strong><a href=\"https:\/\/ecomatin.net\/reconstruction-du-noso-le-manuel-de-procedure-valide\/\" target=\"_blank\" rel=\"noreferrer noopener\">Reconstruction du NOSO : le manuel de proc\u00e9dure valid\u00e9<\/a><\/strong><\/p>\n<p>Pour m\u00e9moire, l\u2019enveloppe budg\u00e9taire d\u00e9finie pour l\u2019impl\u00e9mentation du plan de reconstruction susmentionn\u00e9 s\u2019\u00e9l\u00e8ve \u00e0 89 milliards de FCFA. En septembre dernier, la CRTV, r\u00e9v\u00e9lait que seuls 10,4 milliards avaient d\u00e9j\u00e0 \u00e9t\u00e9 mobilis\u00e9s. Soit pr\u00e8s de 1,5 milliard de FCFA offert par le gouvernement japonais, 1,5 milliard par le PNUD, et 8,9 milliards provenant des caisses de l\u2019\u00c9tat.<\/p>\n<p><strong>Paul Tcheck<\/strong><\/p>\n<p>L\u2019article <a rel=\"nofollow\" href=\"https:\/\/ecomatin.net\/le-groupe-sabc-offre-1-milliard-de-fcfa-pour-la-reconstruction-des-regions-du-nord-ouest-et-du-sud-ouest\/\">Le Groupe Sabc offre 1 milliard de Fcfa pour la reconstruction des r\u00e9gions du Nord-Ouest et du Sud-Ouest<\/a> est apparu en premier sur <a rel=\"nofollow\" href=\"https:\/\/ecomatin.net\/\">EcoMatin<\/a>.<\/p>\n<\/div>\n<p>Auteur: EcoMatin<br \/>\n<a href=\"https:\/\/ecomatin.net\/le-groupe-sabc-offre-1-milliard-de-fcfa-pour-la-reconstruction-des-regions-du-nord-ouest-et-du-sud-ouest\/\">Cliquez ici pour lire l&rsquo;article depuis sa source.<\/a><\/p>\n","protected":false},"excerpt":{"rendered":"<p>\u00c0 l\u2019image du Gouvernement japonais\u00a0 et du Programme des Nations Unies pour le D\u00e9veloppement (PNUD), qui ont mobilis\u00e9 pr\u00e8s de 3 milliards de FCFA en guise de contribution au plan pr\u00e9sidentiel de reconstruction et du d\u00e9veloppement\u00a0 du Nord-Ouest et du Sud-Ouest (PPRD\/NOSO), certaines entreprises \u00a0du secteur priv\u00e9 ont r\u00e9cemment manifest\u00e9 leur solidarit\u00e9 pour la m\u00eame [&hellip;]<\/p>\n","protected":false},"author":1969,"featured_media":0,"comment_status":"closed","ping_status":"closed","sticky":false,"template":"","format":"standard","meta":{"fifu_image_url":"","fifu_image_alt":"","footnotes":""},"categories":[82,78],"tags":[],"class_list":["post-134389","post","type-post","status-publish","format-standard","hentry","category-cameroun","category-economie"],"_links":{"self":[{"href":"https:\/\/linitiative.ca\/International\/wp-json\/wp\/v2\/posts\/134389","targetHints":{"allow":["GET"]}}],"collection":[{"href":"https:\/\/linitiative.ca\/International\/wp-json\/wp\/v2\/posts"}],"about":[{"href":"https:\/\/linitiative.ca\/International\/wp-json\/wp\/v2\/types\/post"}],"author":[{"embeddable":true,"href":"https:\/\/linitiative.ca\/International\/wp-json\/wp\/v2\/users\/1969"}],"replies":[{"embeddable":true,"href":"https:\/\/linitiative.ca\/International\/wp-json\/wp\/v2\/comments?post=134389"}],"version-history":[{"count":0,"href":"https:\/\/linitiative.ca\/International\/wp-json\/wp\/v2\/posts\/134389\/revisions"}],"wp:attachment":[{"href":"https:\/\/linitiative.ca\/International\/wp-json\/wp\/v2\/media?parent=134389"}],"wp:term":[{"taxonomy":"category","embeddable":true,"href":"https:\/\/linitiative.ca\/International\/wp-json\/wp\/v2\/categories?post=134389"},{"taxonomy":"post_tag","embeddable":true,"href":"https:\/\/linitiative.ca\/International\/wp-json\/wp\/v2\/tags?post=134389"}],"curies":[{"name":"wp","href":"https:\/\/api.w.org\/{rel}","templated":true}]}}