{"id":13480,"date":"2019-02-12T17:12:30","date_gmt":"2019-02-12T22:12:30","guid":{"rendered":"https:\/\/linitiative.ca\/International\/etat-major-de-larmee-de-terre-le-colonel-gilles-bationo-monte-au-front\/"},"modified":"2019-02-12T17:12:30","modified_gmt":"2019-02-12T22:12:30","slug":"etat-major-de-larmee-de-terre-le-colonel-gilles-bationo-monte-au-front","status":"publish","type":"post","link":"https:\/\/linitiative.ca\/International\/etat-major-de-larmee-de-terre-le-colonel-gilles-bationo-monte-au-front\/","title":{"rendered":"Etat-major de l\u2019arm\u00e9e de terre : Le colonel Gilles Bationo monte au front"},"content":{"rendered":"<div class=\"td-post-featured-image\"><a href=\"https:\/\/i2.wp.com\/www.sidwaya.info\/wp-content\/uploads\/2019\/02\/Paase-arme.jpg?fit=700%2C467&#038;ssl=1\" data-caption=\"\"><img loading=\"lazy\" decoding=\"async\" width=\"696\" height=\"464\" class=\"entry-thumb td-modal-image\" src=\"https:\/\/i2.wp.com\/www.sidwaya.info\/wp-content\/uploads\/2019\/02\/Paase-arme.jpg?resize=696%2C464&#038;ssl=1\" srcset=\"https:\/\/i2.wp.com\/www.sidwaya.info\/wp-content\/uploads\/2019\/02\/Paase-arme.jpg?w=700&#038;ssl=1 700w, https:\/\/i2.wp.com\/www.sidwaya.info\/wp-content\/uploads\/2019\/02\/Paase-arme.jpg?resize=300%2C200&#038;ssl=1 300w, https:\/\/i2.wp.com\/www.sidwaya.info\/wp-content\/uploads\/2019\/02\/Paase-arme.jpg?resize=696%2C464&#038;ssl=1 696w, https:\/\/i2.wp.com\/www.sidwaya.info\/wp-content\/uploads\/2019\/02\/Paase-arme.jpg?resize=630%2C420&#038;ssl=1 630w\" sizes=\"auto, (max-width: 696px) 100vw, 696px\" alt=\"\" title=\"Paase-arme\"\/><\/a><\/div>\n<p><strong>Le colonel Gilles Bationo a \u00e9t\u00e9 officiellement install\u00e9 comme chef d\u2019Etat-major de l\u2019arm\u00e9e de terre (CEMAT), le 12 f\u00e9vrier 2019 au Camp Sangoul\u00e9 Lamizana de Ouagadougou par le chef d\u2019Etat- major g\u00e9n\u00e9ral des arm\u00e9es (CEMGA), le g\u00e9n\u00e9ral de brigade Moise Miningou. Il remplace ainsi le colonel-major L\u00e9on Traor\u00e9.<\/strong><\/p>\n<p>Commandant de la 1re r\u00e9gion militaire (Kaya) jusqu\u2019\u00e0 sa nomination le 7 f\u00e9vrier dernier, le colonel Gilles Bationo, instructeur commando, a officiellement pris les commandes de l\u2019arm\u00e9e de terre, hier mardi 12 f\u00e9vrier 2019, \u00e0 Ouagadougou. Ce changement \u00e0 la t\u00eate de cet Etat-major, en remplacement de L\u00e9on Traor\u00e9, intervient dans un contexte s\u00e9curitaire difficile pour le Burkina Faso qui a occasionn\u00e9 plusieurs chamboulements jusque dans le haut-commandement de l\u2019arm\u00e9e et aux minist\u00e8res de la S\u00e9curit\u00e9 et celui de la D\u00e9fense.<\/p>\n<p>Averti des questions de terrorisme qui troublent le sommeil et la qui\u00e9tude des Burkinab\u00e8, Gilles Bationo est un instructeur des techniques d\u2019intervention antiterroriste. Il qui commandait la 1re r\u00e9gion militaire couvrant les r\u00e9gions du Centre-Nord, du Nord et du Sahel, confront\u00e9es \u00e0 des attaques terroristes r\u00e9p\u00e9t\u00e9es depuis plus de deux ans. \u00ab\u00a0Il a d\u00e9j\u00e0 travaill\u00e9 sous mes ordres, je le connais, je connais ses capacit\u00e9s, son potentiel (\u2026).<\/p>\n<p>Je sais qu\u2019il en est capable et qu\u2019il va r\u00e9ussir. La d\u00e9fense de notre patrie exigera toujours de la loyaut\u00e9, de la pers\u00e9v\u00e9rance et du d\u00e9vouement\u00a0\u00bb, a soutenu son pr\u00e9d\u00e9cesseur, L\u00e9on Traor\u00e9. Le nouveau CEMAT qui a aussi \u00e9t\u00e9 le commandant du premier bataillon Badenya (fraternit\u00e9) d\u00e9ploy\u00e9 au Mali en janvier 2013, dit avoir conscience qu\u2019il n\u2019est pas un messie. Il sait d\u00e9j\u00e0 compter sur des hommes \u00ab aguerris d\u00e9j\u00e0 d\u00e9ploy\u00e9s sur le terrain \u00bb. \u00abJe sais ce dont les hommes sur le terrain sont capables et ce qu\u2019ils subissent \u00bb, a-t-il ajout\u00e9. Le CEMAT a dit compter sur le soutien des populations et des maillons de l\u2019arm\u00e9e, mais aussi des corps paramilitaires pour r\u00e9ussir sa mission.<\/p>\n<p>Commandant de la premi\u00e8re r\u00e9gion militaire d\u2019ao\u00fbt 2017 \u00e0 sa nomination, le 7 f\u00e9vrier 2019, le Colonel Gilles Bationo fut d\u2019abord commandant de la 2e r\u00e9gion militaire \u00e0 Bobo-Dioulasso d\u2019avril 2014 \u00e0 ao\u00fbt 2017. Bien avant, il a \u00e9t\u00e9 le chef de corps du 5e R\u00e9giment parachutiste commando (RPC) de Bobo-Dioulasso de 2012 \u00e0 2014 et du RPC de D\u00e9dougou, de 2007 \u00e0 2011. Le colonel Gilles Bationo a aussi command\u00e9 le Groupement des unit\u00e9s sp\u00e9ciales (intervention antiterroriste et forces sp\u00e9ciales) et le Groupement des unit\u00e9s sp\u00e9ciales d\u2019intervention de 1996 \u00e0 1999.<\/p>\n<p class=\"c1\"><strong>Honor\u00e9 KIRAKOYA<\/strong><\/p>\n<div class=\"td-a-rec td-a-rec-id-content_bottom td_uid_21_5c634c3c98e1d_rand td_block_template_1\"><img loading=\"lazy\" decoding=\"async\" class=\"alignright size-full wp-image-1724\" src=\"https:\/\/www.sidwaya.info\/wp-content\/uploads\/2018\/12\/sidwaya-pub.jpg\" alt=\"\" width=\"720\" height=\"90\"\/><\/div>\n<p><a href=\"https:\/\/www.sidwaya.info\/blog\/2019\/02\/12\/etat-major-de-larmee-de-terre-le-colonel-gilles-bationo-monte-au-front\/\">Cliquez ici pour lire l&rsquo;article depuis sa source.<\/a><br \/>\nAuteur: DB. Sidwaya<\/p>\n","protected":false},"excerpt":{"rendered":"<p>Le colonel Gilles Bationo a \u00e9t\u00e9 officiellement install\u00e9 comme chef d\u2019Etat-major de l\u2019arm\u00e9e de terre (CEMAT), le 12 f\u00e9vrier 2019 au Camp Sangoul\u00e9 Lamizana de Ouagadougou par le chef d\u2019Etat- major g\u00e9n\u00e9ral des arm\u00e9es (CEMGA), le g\u00e9n\u00e9ral de brigade Moise Miningou. Il remplace ainsi le colonel-major L\u00e9on Traor\u00e9. Commandant de la 1re r\u00e9gion militaire (Kaya) [&hellip;]<\/p>\n","protected":false},"author":1816,"featured_media":0,"comment_status":"closed","ping_status":"closed","sticky":false,"template":"","format":"standard","meta":{"fifu_image_url":"","fifu_image_alt":"","footnotes":""},"categories":[73,81],"tags":[],"class_list":["post-13480","post","type-post","status-publish","format-standard","hentry","category-actualite","category-burkina-faso"],"_links":{"self":[{"href":"https:\/\/linitiative.ca\/International\/wp-json\/wp\/v2\/posts\/13480","targetHints":{"allow":["GET"]}}],"collection":[{"href":"https:\/\/linitiative.ca\/International\/wp-json\/wp\/v2\/posts"}],"about":[{"href":"https:\/\/linitiative.ca\/International\/wp-json\/wp\/v2\/types\/post"}],"author":[{"embeddable":true,"href":"https:\/\/linitiative.ca\/International\/wp-json\/wp\/v2\/users\/1816"}],"replies":[{"embeddable":true,"href":"https:\/\/linitiative.ca\/International\/wp-json\/wp\/v2\/comments?post=13480"}],"version-history":[{"count":0,"href":"https:\/\/linitiative.ca\/International\/wp-json\/wp\/v2\/posts\/13480\/revisions"}],"wp:attachment":[{"href":"https:\/\/linitiative.ca\/International\/wp-json\/wp\/v2\/media?parent=13480"}],"wp:term":[{"taxonomy":"category","embeddable":true,"href":"https:\/\/linitiative.ca\/International\/wp-json\/wp\/v2\/categories?post=13480"},{"taxonomy":"post_tag","embeddable":true,"href":"https:\/\/linitiative.ca\/International\/wp-json\/wp\/v2\/tags?post=13480"}],"curies":[{"name":"wp","href":"https:\/\/api.w.org\/{rel}","templated":true}]}}