{"id":13483,"date":"2019-02-12T17:50:02","date_gmt":"2019-02-12T22:50:02","guid":{"rendered":"https:\/\/linitiative.ca\/International\/crise-politique-inedite-pour-le-gouvernement-de-justin-trudeau\/"},"modified":"2019-02-12T17:50:02","modified_gmt":"2019-02-12T22:50:02","slug":"crise-politique-inedite-pour-le-gouvernement-de-justin-trudeau","status":"publish","type":"post","link":"https:\/\/linitiative.ca\/International\/crise-politique-inedite-pour-le-gouvernement-de-justin-trudeau\/","title":{"rendered":"Crise politique in\u00e9dite pour le gouvernement de Justin Trudeau"},"content":{"rendered":"<div readability=\"32\">\n<p>Publi\u00e9 le 12.02.2019 \u00e0 23h50 par AFP<\/p>\n<\/div>\n<div readability=\"147\">\n<p>La pression sur Justin Trudeau est mont\u00e9e d\u2019un cran mardi apr\u00e8s la d\u00e9mission d\u2019une de ses ministres, en pleine pol\u00e9mique sur des all\u00e9gations d\u2019intervention du cabinet du Premier ministre canadien pour \u00e9viter un proc\u00e8s \u00e0 la soci\u00e9t\u00e9 SNC-Lavalin, impliqu\u00e9e dans un vaste scandale de corruption en Libye.<\/p>\n<p>Bien que fermement d\u00e9menties par Justin Trudeau, les r\u00e9v\u00e9lations du quotidien Globe and Mail ont fait l\u2019effet d\u2019une bombe politique au Canada, cr\u00e9ant sans la doute la pire crise pour M. Trudeau depuis son \u00e9lection en 2015, \u00e0 quelques mois d\u2019\u00e9lections l\u00e9gislatives incertaines.<\/p>\n<p>Mardi matin, alors que la pol\u00e9mique continuait d\u2019enfler, l\u2019ancienne ministre de la Justice Jody Wilson-Raybould, sur laquelle l\u2019entourage de Justin Trudeau aurait tent\u00e9 de faire pression, a annonc\u00e9 sur Twitter sa d\u00e9mission du gouvernement.<\/p>\n<p>\u00ab\u00a0Le coeur gros, je pr\u00e9sente ma d\u00e9mission du poste de ministre des Anciens combattants\u00a0\u00bb, a-t-elle d\u00e9clar\u00e9.<\/p>\n<p>La Gendarmerie royale (GRC, police f\u00e9d\u00e9rale) avait d\u00e9pos\u00e9 en 2015 des accusations formelles contre la maison-m\u00e8re du g\u00e9ant canadien SNC-Lavalin ainsi que ses filiales de BTP et de d\u00e9veloppement international pour \u00ab\u00a0corruption d\u2019agents publics \u00e9trangers\u00a0\u00bb et pour \u00ab\u00a0fraude\u00a0\u00bb. D\u2019ex-dirigeants sont \u00e9galement poursuivis, dans des enqu\u00eates distinctes.<\/p>\n<p>Citant des sources anonymes, le journal The Globe and Mail affirmait jeudi dernier que le Cabinet du Premier ministre canadien (CPM) avait demand\u00e9 \u00e0 Mme Wilson-Raybould, alors ministre de la Justice, d\u2019intervenir dans ce dossier afin que les procureurs concluent avec SNC-Lavalin un accord \u00e0 l\u2019amiable, ce que M. Trudeau nie fermement.<\/p>\n<p>Ceci aurait entra\u00een\u00e9 l\u2019abandon d\u2019accusations au p\u00e9nal, ainsi qu\u2019un long et co\u00fbteux proc\u00e8s, en \u00e9change du versement d\u2019une amende.<\/p>\n<p>Selon le Globe, Jody Wilson-Raybould a \u00ab\u00a0ignor\u00e9\u00a0\u00bb les demandes du cabinet du Premier ministre, ce qui lui aurait valu son poste: mi-janvier, elle avait \u00e9t\u00e9 r\u00e9trograd\u00e9e ministre des Anciens combattants lors d\u2019un mini-remaniement.<\/p>\n<p>Mme Wilson-Raybould n\u2019a pas expliqu\u00e9 les raisons de sa d\u00e9mission soudaine.<\/p>\n<p>\u00ab\u00a0Je suis consciente que de nombreux Canadiens souhaitent que je m\u2019exprime sur des questions relay\u00e9es par les m\u00e9dias depuis une semaine\u00a0\u00bb, a-t-elle soulign\u00e9, joignant sur Twitter une copie de sa lettre de d\u00e9mission. Elle y pr\u00e9cise avoir recrut\u00e9 un avocat pour d\u00e9terminer \u00ab\u00a0les \u00e9l\u00e9ments dont (elle) pourrai(t) parler en toute l\u00e9galit\u00e9 dans cette affaire\u00a0\u00bb.<\/p>\n<p><ins data-revive-zoneid=\"9\" data-revive-id=\"10111e19d28d19d031742ee3b0b33eb0\"\/> <\/p>\n<p>En r\u00e9action, \u00ab\u00a0le Premier ministre a convoqu\u00e9 ce matin une r\u00e9union du conseil des ministres pour les informer de la d\u00e9mission de Mme Wilson-Raybould\u00a0\u00bb, a d\u00e9clar\u00e9 une porte-parole de M. Trudeau. Il devait s\u2019exprimer mardi apr\u00e8s-midi lors d\u2019une conf\u00e9rence de presse \u00e0 Winnipeg (centre).<\/p>\n<p>\u2013 \u00ab\u00a0Manquements \u00e0 l\u2019\u00e9thique\u00a0\u00bb \u2013<\/p>\n<p>Les responsables de l\u2019opposition ont tir\u00e9 \u00e0 boulets rouges sur Justin Trudeau, le pressant de faire toute la lumi\u00e8re sur ces all\u00e9gations, notamment en levant le secret professionnel auquel l\u2019ancienne ministre de la Justice est tenue.<\/p>\n<p>\u00ab\u00a0Les manquements \u00e0 l\u2019\u00e9thique de M. Trudeau et sa gestion catastrophique de ce dernier scandale ont cr\u00e9\u00e9 un chaos au sein de son gouvernement\u00a0\u00bb, a accus\u00e9 mardi Andrew Scheers, chef du parti conservateur, premier parti d\u2019opposition \u00e0 Ottawa.<\/p>\n<p>Il a exhort\u00e9 le gouvernement Trudeau \u00ab\u00a0\u00e0 conserver tous les documents relatifs \u00e0 l\u2019affaire SNC-Lavalin \u00e0 la suite de la d\u00e9mission de Jody Wilson-Raybould (car) les Canadiens m\u00e9ritent de savoir la v\u00e9rit\u00e9\u00a0\u00bb.<\/p>\n<p>Lundi, une enqu\u00eate officielle avait \u00e9t\u00e9 confi\u00e9e au Commissaire canadien \u00e0 l\u2019\u00e9thique, un haut-fonctionnaire ind\u00e9pendant.<\/p>\n<p>G\u00e9ant canadien de l\u2019ing\u00e9nierie, pr\u00e9sent sur tous les continents avec 50.000 employ\u00e9s, SNC-Lavalin est au coeur d\u2019une vaste enqu\u00eate de la police f\u00e9d\u00e9rale canadienne qui l\u2019accuse d\u2019avoir vers\u00e9 48 millions de dollars canadiens de pots de vin (32 millions d\u2019euros) \u00e0 des responsables libyens, du temps du dictateur Mouammar Kadhafi.<\/p>\n<p>Ce fleuron de Montr\u00e9al, s\u2019il est reconnu coupable, risque l\u2019interdiction d\u2019exercer au Canada, voire le d\u00e9mant\u00e8lement, ont r\u00e9p\u00e9t\u00e9 ces derni\u00e8res ann\u00e9es ses dirigeants qui ont donc men\u00e9 un intense lobbyisme \u00e0 Ottawa.<\/p>\n<p>Selon le Globe and Mail, le groupe d\u2019ing\u00e9nierie a rencontr\u00e9 depuis 2017 plus d\u2019une cinquantaine de fois des fonctionnaires du gouvernement f\u00e9d\u00e9ral et des parlementaires, et notamment \u00e0 douze reprises trois proches conseillers de Justin Trudeau.<\/p>\n<\/div>\n<p>Auteur: AFP<br \/>\n<a href=\"https:\/\/www.journalducameroun.com\/crise-politique-inedite-pour-le-gouvernement-de-justin-trudeau\/\">Cliquez ici pour lire l&rsquo;article depuis sa source.<\/a><\/p>\n","protected":false},"excerpt":{"rendered":"<p>Publi\u00e9 le 12.02.2019 \u00e0 23h50 par AFP La pression sur Justin Trudeau est mont\u00e9e d\u2019un cran mardi apr\u00e8s la d\u00e9mission d\u2019une de ses ministres, en pleine pol\u00e9mique sur des all\u00e9gations d\u2019intervention du cabinet du Premier ministre canadien pour \u00e9viter un proc\u00e8s \u00e0 la soci\u00e9t\u00e9 SNC-Lavalin, impliqu\u00e9e dans un vaste scandale de corruption en Libye. Bien [&hellip;]<\/p>\n","protected":false},"author":1965,"featured_media":0,"comment_status":"closed","ping_status":"closed","sticky":false,"template":"","format":"standard","meta":{"fifu_image_url":"","fifu_image_alt":"","footnotes":""},"categories":[73,82],"tags":[],"class_list":["post-13483","post","type-post","status-publish","format-standard","hentry","category-actualite","category-cameroun"],"_links":{"self":[{"href":"https:\/\/linitiative.ca\/International\/wp-json\/wp\/v2\/posts\/13483","targetHints":{"allow":["GET"]}}],"collection":[{"href":"https:\/\/linitiative.ca\/International\/wp-json\/wp\/v2\/posts"}],"about":[{"href":"https:\/\/linitiative.ca\/International\/wp-json\/wp\/v2\/types\/post"}],"author":[{"embeddable":true,"href":"https:\/\/linitiative.ca\/International\/wp-json\/wp\/v2\/users\/1965"}],"replies":[{"embeddable":true,"href":"https:\/\/linitiative.ca\/International\/wp-json\/wp\/v2\/comments?post=13483"}],"version-history":[{"count":0,"href":"https:\/\/linitiative.ca\/International\/wp-json\/wp\/v2\/posts\/13483\/revisions"}],"wp:attachment":[{"href":"https:\/\/linitiative.ca\/International\/wp-json\/wp\/v2\/media?parent=13483"}],"wp:term":[{"taxonomy":"category","embeddable":true,"href":"https:\/\/linitiative.ca\/International\/wp-json\/wp\/v2\/categories?post=13483"},{"taxonomy":"post_tag","embeddable":true,"href":"https:\/\/linitiative.ca\/International\/wp-json\/wp\/v2\/tags?post=13483"}],"curies":[{"name":"wp","href":"https:\/\/api.w.org\/{rel}","templated":true}]}}