{"id":13484,"date":"2019-02-12T18:11:01","date_gmt":"2019-02-12T23:11:01","guid":{"rendered":"https:\/\/linitiative.ca\/International\/cameroun-maurice-kamto-defere-a-la-prison-centrale-de-kondengui\/"},"modified":"2019-02-12T18:11:01","modified_gmt":"2019-02-12T23:11:01","slug":"cameroun-maurice-kamto-defere-a-la-prison-centrale-de-kondengui","status":"publish","type":"post","link":"https:\/\/linitiative.ca\/International\/cameroun-maurice-kamto-defere-a-la-prison-centrale-de-kondengui\/","title":{"rendered":"Cameroun : Maurice Kamto d\u00e9f\u00e9r\u00e9 \u00e0 la prison centrale de Kondengui"},"content":{"rendered":"<div readability=\"32\">\n<p>Publi\u00e9 le 13.02.2019 \u00e0 00h11 par Journal du Cameroun<\/p>\n<\/div>\n<div readability=\"57\">\n<h2>L\u2019opposant a \u00e9t\u00e9 mis sous mandat de d\u00e9p\u00f4t ce 12 f\u00e9vrier, apr\u00e8s une audience au Tribunal militaire de Yaound\u00e9. Avec lui, une centaine de ses partisans arr\u00eat\u00e9s le 26 janvier.<\/h2>\n<p>Apr\u00e8s sa cellule du Groupement sp\u00e9cial des op\u00e9rations (GSO) de la police o\u00f9 il \u00e9tait d\u00e9tenu depuis le 28 janvier, <strong>Maurice Kamto<\/strong> sera d\u00e9sormais un pensionnaire de la prison centrale de Kondengui.<\/p>\n<p>Le pr\u00e9sident du <strong>Mouvement pour la Renaissance du Cameroun (MRC)<\/strong> y a \u00e9t\u00e9 conduit nuitamment le 12 f\u00e9vrier. Ceci, apr\u00e8s la premi\u00e8re audience au Tribunal militaire de Yaound\u00e9 o\u00f9\u00a0 il a \u00e9t\u00e9 inculp\u00e9 pour insurrection et hostilit\u00e9 contre la patrie.<\/p>\n<p>L\u2019on se souvient que le 30 janvier, la justice lui avait signifi\u00e9 les <strong>charges<\/strong> qui p\u00e8sent contre lui. Il s\u2019agit notamment de\u00a0: hostilit\u00e9 contre la patrie, r\u00e9bellion de groupe, insurrection, incitation \u00e0 la r\u00e9volte, perturbation de la circulation des personnes et des biens.<\/p>\n<p><ins data-revive-zoneid=\"9\" data-revive-id=\"10111e19d28d19d031742ee3b0b33eb0\"\/> <\/p>\n<p>C\u2019est \u00e0 l\u2019issue de la <strong><em>\u00ab\u00a0Marche blanche\u00a0\u00bb<\/em><\/strong>, organis\u00e9e par le MRC le 26 janvier que Maurice Kamto a \u00e9t\u00e9 arr\u00eat\u00e9 avec une centaine de ses partisans.<\/p>\n<p>Le MRC protestait contre ce qu\u2019il appelle le \u00ab\u00a0hold up\u00a0\u00bb \u00e9lectoral d\u2019octobre 2018. C\u2019est au cours de cette \u00e9lection pr\u00e9sidentielle que le candidat du MRC est arriv\u00e9 deuxi\u00e8me. Maurice Kamto conteste les r\u00e9sultats.<\/p>\n<\/div>\n<p>Auteur: Ludovic Amara<br \/>\n<a href=\"https:\/\/www.journalducameroun.com\/cameroun-maurice-kamto-defere-a-la-prison-centrale-de-kondengui\/\">Cliquez ici pour lire l&rsquo;article depuis sa source.<\/a><\/p>\n","protected":false},"excerpt":{"rendered":"<p>Publi\u00e9 le 13.02.2019 \u00e0 00h11 par Journal du Cameroun L\u2019opposant a \u00e9t\u00e9 mis sous mandat de d\u00e9p\u00f4t ce 12 f\u00e9vrier, apr\u00e8s une audience au Tribunal militaire de Yaound\u00e9. Avec lui, une centaine de ses partisans arr\u00eat\u00e9s le 26 janvier. Apr\u00e8s sa cellule du Groupement sp\u00e9cial des op\u00e9rations (GSO) de la police o\u00f9 il \u00e9tait d\u00e9tenu [&hellip;]<\/p>\n","protected":false},"author":1965,"featured_media":0,"comment_status":"closed","ping_status":"closed","sticky":false,"template":"","format":"standard","meta":{"fifu_image_url":"","fifu_image_alt":"","footnotes":""},"categories":[73,82],"tags":[],"class_list":["post-13484","post","type-post","status-publish","format-standard","hentry","category-actualite","category-cameroun"],"_links":{"self":[{"href":"https:\/\/linitiative.ca\/International\/wp-json\/wp\/v2\/posts\/13484","targetHints":{"allow":["GET"]}}],"collection":[{"href":"https:\/\/linitiative.ca\/International\/wp-json\/wp\/v2\/posts"}],"about":[{"href":"https:\/\/linitiative.ca\/International\/wp-json\/wp\/v2\/types\/post"}],"author":[{"embeddable":true,"href":"https:\/\/linitiative.ca\/International\/wp-json\/wp\/v2\/users\/1965"}],"replies":[{"embeddable":true,"href":"https:\/\/linitiative.ca\/International\/wp-json\/wp\/v2\/comments?post=13484"}],"version-history":[{"count":0,"href":"https:\/\/linitiative.ca\/International\/wp-json\/wp\/v2\/posts\/13484\/revisions"}],"wp:attachment":[{"href":"https:\/\/linitiative.ca\/International\/wp-json\/wp\/v2\/media?parent=13484"}],"wp:term":[{"taxonomy":"category","embeddable":true,"href":"https:\/\/linitiative.ca\/International\/wp-json\/wp\/v2\/categories?post=13484"},{"taxonomy":"post_tag","embeddable":true,"href":"https:\/\/linitiative.ca\/International\/wp-json\/wp\/v2\/tags?post=13484"}],"curies":[{"name":"wp","href":"https:\/\/api.w.org\/{rel}","templated":true}]}}