{"id":13486,"date":"2019-02-12T18:18:04","date_gmt":"2019-02-12T23:18:04","guid":{"rendered":"https:\/\/linitiative.ca\/International\/ghana-vers-louverture-dune-ecole-de-formation-de-pilotes\/"},"modified":"2019-02-12T18:18:04","modified_gmt":"2019-02-12T23:18:04","slug":"ghana-vers-louverture-dune-ecole-de-formation-de-pilotes","status":"publish","type":"post","link":"https:\/\/linitiative.ca\/International\/ghana-vers-louverture-dune-ecole-de-formation-de-pilotes\/","title":{"rendered":"Ghana : vers l\u2019ouverture d\u2019une \u00e9cole de formation de pilotes"},"content":{"rendered":"<div readability=\"32\">\n<p>Publi\u00e9 le 13.02.2019 \u00e0 00h18 par APA News<\/p>\n<\/div>\n<div readability=\"56\">\n<p>Le ministre ghan\u00e9en de l\u2019Aviation, Kofi Ada, a annonc\u00e9 que son pays se dotera de sa premi\u00e8re institution de formation des pilotes d\u2019ici le milieu de l\u2019ann\u00e9e 2019.Cette \u00e9cole de formation, rapporte le Ghanaian Times dans sa parution de mardi, devrait co\u00fbter entre 600.000 et 100 000 dollars.<\/p>\n<p>S\u2019exprimant lors d\u2019une c\u00e9r\u00e9monie d\u2019accueil de Mme Audrey Esi Swatson, la plus jeune pilote ghan\u00e9enne \u00e0 Accra lundi, M. Adda a d\u00e9clar\u00e9 que l\u2019acad\u00e9mie aiderait \u00e0 former davantage de pilotes dans le pays pour augmenter le nombre de pilotes n\u00e9cessaires dans le pays et dans le monde en g\u00e9n\u00e9ral.<\/p>\n<p>Selon une \u00e9tude, le monde a besoin d\u2019environ 500.000 pilotes de plus, ce qui rend imp\u00e9ratif pour le pays de former davantage de pilotes pour combler le vide.<\/p>\n<p><ins data-revive-zoneid=\"9\" data-revive-id=\"10111e19d28d19d031742ee3b0b33eb0\"\/> <\/p>\n<p>Il a r\u00e9v\u00e9l\u00e9 qu\u2019il n\u2019y avait pas d\u2019\u00e9cole de formation de pilote en Afrique de l\u2019Ouest et du Centre, expliquant que celle-ci aiderait les compagnies a\u00e9riennes locales \u00e0 g\u00e9n\u00e9rer des revenus pour le pays.<\/p>\n<\/div>\n<p>Auteur: APA News<br \/>\n<a href=\"https:\/\/www.journalducameroun.com\/ghana-vers-louverture-dune-ecole-de-formation-de-pilotes\/\">Cliquez ici pour lire l&rsquo;article depuis sa source.<\/a><\/p>\n","protected":false},"excerpt":{"rendered":"<p>Publi\u00e9 le 13.02.2019 \u00e0 00h18 par APA News Le ministre ghan\u00e9en de l\u2019Aviation, Kofi Ada, a annonc\u00e9 que son pays se dotera de sa premi\u00e8re institution de formation des pilotes d\u2019ici le milieu de l\u2019ann\u00e9e 2019.Cette \u00e9cole de formation, rapporte le Ghanaian Times dans sa parution de mardi, devrait co\u00fbter entre 600.000 et 100 000 [&hellip;]<\/p>\n","protected":false},"author":1965,"featured_media":0,"comment_status":"closed","ping_status":"closed","sticky":false,"template":"","format":"standard","meta":{"fifu_image_url":"","fifu_image_alt":"","footnotes":""},"categories":[73,82],"tags":[],"class_list":["post-13486","post","type-post","status-publish","format-standard","hentry","category-actualite","category-cameroun"],"_links":{"self":[{"href":"https:\/\/linitiative.ca\/International\/wp-json\/wp\/v2\/posts\/13486","targetHints":{"allow":["GET"]}}],"collection":[{"href":"https:\/\/linitiative.ca\/International\/wp-json\/wp\/v2\/posts"}],"about":[{"href":"https:\/\/linitiative.ca\/International\/wp-json\/wp\/v2\/types\/post"}],"author":[{"embeddable":true,"href":"https:\/\/linitiative.ca\/International\/wp-json\/wp\/v2\/users\/1965"}],"replies":[{"embeddable":true,"href":"https:\/\/linitiative.ca\/International\/wp-json\/wp\/v2\/comments?post=13486"}],"version-history":[{"count":0,"href":"https:\/\/linitiative.ca\/International\/wp-json\/wp\/v2\/posts\/13486\/revisions"}],"wp:attachment":[{"href":"https:\/\/linitiative.ca\/International\/wp-json\/wp\/v2\/media?parent=13486"}],"wp:term":[{"taxonomy":"category","embeddable":true,"href":"https:\/\/linitiative.ca\/International\/wp-json\/wp\/v2\/categories?post=13486"},{"taxonomy":"post_tag","embeddable":true,"href":"https:\/\/linitiative.ca\/International\/wp-json\/wp\/v2\/tags?post=13486"}],"curies":[{"name":"wp","href":"https:\/\/api.w.org\/{rel}","templated":true}]}}