{"id":13487,"date":"2019-02-12T18:18:06","date_gmt":"2019-02-12T23:18:06","guid":{"rendered":"https:\/\/linitiative.ca\/International\/prorogation-des-mandats-des-executifs-des-federations-sportives-au-cameroun\/"},"modified":"2019-02-12T18:18:06","modified_gmt":"2019-02-12T23:18:06","slug":"prorogation-des-mandats-des-executifs-des-federations-sportives-au-cameroun","status":"publish","type":"post","link":"https:\/\/linitiative.ca\/International\/prorogation-des-mandats-des-executifs-des-federations-sportives-au-cameroun\/","title":{"rendered":"Prorogation des mandats des ex\u00e9cutifs des f\u00e9d\u00e9rations sportives au Cameroun"},"content":{"rendered":"<div readability=\"32\">\n<p>Publi\u00e9 le 13.02.2019 \u00e0 00h18 par APA News<\/p>\n<\/div>\n<div readability=\"66\">\n<p>Le conseil d\u2019administration du Comit\u00e9 national olympique et sportif du Cameroun (CNOSC) a d\u00e9cid\u00e9 de reporter le renouvellement des ex\u00e9cutifs au sein des f\u00e9d\u00e9rations sportives nationales apr\u00e8s les Jeux Olympiques (JO) \u200ede Tokyo (Japon) du 24 juillet au 9 ao\u00fbt 2020, a annonc\u00e9, mardi, son pr\u00e9sident Hamad Kalkaba Malboum.Expliquant les r\u00e9solutions du conseil d\u2019administration au cours d\u2019un programme radiophonique \u00e0 la radiot\u00e9l\u00e9vision nationale (CRTV), ce dernier a justifi\u00e9 cette prorogation \u00e0 la proximit\u00e9 avec les JO.<\/p>\n<p>\u00ab Nous sommes \u00e0 15 mois des Jeux olympiques. Il n\u2019\u00e9tait pas bon que les d\u00e9bats soient transf\u00e9r\u00e9s sur le positionnement des individus au d\u00e9triment des athl\u00e8tes qui ont commenc\u00e9 leur pr\u00e9paration depuis 2017 \u00bb, a-t-il indiqu\u00e9.<\/p>\n<p>Au regard de la passion et des batailles qui entourent g\u00e9n\u00e9ralement le renouvellement des ex\u00e9cutifs des f\u00e9d\u00e9rations sportives, \u00ab le CNOSC n\u2019a pas voulu prendre le risque des luttes de positionnement personnelles prennent le pas sur le volet sportif \u00bb, a-t-il soulign\u00e9.<\/p>\n<p>En d\u2019autres termes, a d\u00e9clar\u00e9 M. Kalkaba, il est question de \u00ab donner la chance aux athl\u00e8tes de mieux pr\u00e9parer cette \u00e9ch\u00e9ance sportive capitale, car une bonne pr\u00e9paration constitue une chance pour notre pays de remporter m\u00e9dailles lors des Jeux olympiques \u00bb.<\/p>\n<p><ins data-revive-zoneid=\"9\" data-revive-id=\"10111e19d28d19d031742ee3b0b33eb0\"\/> <\/p>\n<p>Outre les ex\u00e9cutifs f\u00e9d\u00e9raux, les mandats du bureau ex\u00e9cutif et du conseil d\u2019administration du CNOSC ont \u00e9t\u00e9 prorog\u00e9s jusqu\u2019\u00e0 la m\u00eame p\u00e9riode.<\/p>\n<p>En marge de la prochaine assembl\u00e9e g\u00e9n\u00e9rale du CNOSC en juin prochain, il est pr\u00e9vu l\u2019organisation d\u2019une convention du sport camerounais dont l\u2019objectif est de faire le bilan de son fonctionnement actuel pour en fixer un nouveau cap.<\/p>\n<\/div>\n<p>Auteur: APA News<br \/>\n<a href=\"https:\/\/www.journalducameroun.com\/prorogation-des-mandats-des-executifs-des-federations-sportives-au-cameroun\/\">Cliquez ici pour lire l&rsquo;article depuis sa source.<\/a><\/p>\n","protected":false},"excerpt":{"rendered":"<p>Publi\u00e9 le 13.02.2019 \u00e0 00h18 par APA News Le conseil d\u2019administration du Comit\u00e9 national olympique et sportif du Cameroun (CNOSC) a d\u00e9cid\u00e9 de reporter le renouvellement des ex\u00e9cutifs au sein des f\u00e9d\u00e9rations sportives nationales apr\u00e8s les Jeux Olympiques (JO) \u200ede Tokyo (Japon) du 24 juillet au 9 ao\u00fbt 2020, a annonc\u00e9, mardi, son pr\u00e9sident Hamad [&hellip;]<\/p>\n","protected":false},"author":1965,"featured_media":0,"comment_status":"closed","ping_status":"closed","sticky":false,"template":"","format":"standard","meta":{"fifu_image_url":"","fifu_image_alt":"","footnotes":""},"categories":[73,82],"tags":[],"class_list":["post-13487","post","type-post","status-publish","format-standard","hentry","category-actualite","category-cameroun"],"_links":{"self":[{"href":"https:\/\/linitiative.ca\/International\/wp-json\/wp\/v2\/posts\/13487","targetHints":{"allow":["GET"]}}],"collection":[{"href":"https:\/\/linitiative.ca\/International\/wp-json\/wp\/v2\/posts"}],"about":[{"href":"https:\/\/linitiative.ca\/International\/wp-json\/wp\/v2\/types\/post"}],"author":[{"embeddable":true,"href":"https:\/\/linitiative.ca\/International\/wp-json\/wp\/v2\/users\/1965"}],"replies":[{"embeddable":true,"href":"https:\/\/linitiative.ca\/International\/wp-json\/wp\/v2\/comments?post=13487"}],"version-history":[{"count":0,"href":"https:\/\/linitiative.ca\/International\/wp-json\/wp\/v2\/posts\/13487\/revisions"}],"wp:attachment":[{"href":"https:\/\/linitiative.ca\/International\/wp-json\/wp\/v2\/media?parent=13487"}],"wp:term":[{"taxonomy":"category","embeddable":true,"href":"https:\/\/linitiative.ca\/International\/wp-json\/wp\/v2\/categories?post=13487"},{"taxonomy":"post_tag","embeddable":true,"href":"https:\/\/linitiative.ca\/International\/wp-json\/wp\/v2\/tags?post=13487"}],"curies":[{"name":"wp","href":"https:\/\/api.w.org\/{rel}","templated":true}]}}