{"id":134907,"date":"2021-12-05T07:10:13","date_gmt":"2021-12-05T12:10:13","guid":{"rendered":"https:\/\/linitiative.ca\/International\/marrakech-abritera-le-1er-bureau-regional-pour-lafrique-de-lomt\/"},"modified":"2021-12-05T07:10:13","modified_gmt":"2021-12-05T12:10:13","slug":"marrakech-abritera-le-1er-bureau-regional-pour-lafrique-de-lomt","status":"publish","type":"post","link":"https:\/\/linitiative.ca\/International\/marrakech-abritera-le-1er-bureau-regional-pour-lafrique-de-lomt\/","title":{"rendered":"Marrakech abritera le 1er bureau r\u00e9gional pour l\u2019Afrique de l\u2019OMT"},"content":{"rendered":"<div>\n<div style=\"margin-bottom:20px;\"><img loading=\"lazy\" decoding=\"async\" width=\"750\" height=\"430\" src=\"https:\/\/linitiative.ca\/International\/wp-content\/uploads\/sites\/23\/2021\/12\/OMT.jpg\" class=\"attachment-post-thumbnail size-post-thumbnail wp-post-image\" alt=\"\" srcset=\"https:\/\/linitiative.ca\/International\/wp-content\/uploads\/sites\/23\/2021\/12\/OMT.jpg 750w, https:\/\/www.mapmarrakech.ma\/map\/uploads\/2021\/12\/OMT-300x172.jpg 300w\" sizes=\"auto, (max-width: 750px) 100vw, 750px\"><\/div>\n<p>La candidature marocaine a \u00e9t\u00e9 approuv\u00e9e dans un contexte de rude concurrence de quatre autres pays africains.<\/p>\n<p>Le choix de la ville de Marrakech en tant que premier bureau r\u00e9gional pour l\u2019Afrique vient consacrer le leadership continental du Royaume en mati\u00e8re de d\u00e9veloppement touristique.<\/p>\n<p>La mission du bureau continental de l\u2019OMT couvrira la promotion de l\u2019investissement et de l\u2019innovation touristique en construisant sur un mod\u00e8le de coop\u00e9ration Sud-Sud dans l\u2019esprit de la Vision Royale pour une action africaine commune.<\/p>\n<p>Lors de cette Assembl\u00e9e g\u00e9n\u00e9rale, tenue du 30 novembre au 03 d\u00e9cembre dans la capitale espagnole, le Maroc a \u00e9t\u00e9 \u00e9lu en tant que membre du Conseil Ex\u00e9cutif de l\u2019OMT pour le mandat 2021-2025.<\/p>\n<p>Ces acquis constituent le couronnement des efforts consentis par la d\u00e9l\u00e9gation marocaine, conduite par la ministre du tourisme, de l\u2019artisanat et de l\u2019\u00e9conomie sociale et solidaire, Fatima-Zahra Ammor, lors des travaux de l\u2019Assembl\u00e9e g\u00e9n\u00e9rale de l\u2019OMT, ayant connu la participation de plus de 500 responsables gouvernementaux et op\u00e9rateurs touristiques.<\/p>\n<p>Dans son allocution \u00e0 l\u2019occasion de l\u2019ouverture officielle, Mme Ammor a mis l\u2019accent sur l\u2019importance de ce rendez-vous incontournable qui offre une plateforme d\u2019\u00e9change sur les strat\u00e9gies de reprise.<\/p>\n<p>La ministre a \u00e9galement rappel\u00e9 la mobilisation du gouvernement marocain, sous l\u2019impulsion de SM le Roi Mohammed VI, pour prot\u00e9ger la sant\u00e9 des citoyens marocains et r\u00e9duire les effets de la pand\u00e9mie sur les secteurs les plus impact\u00e9s notamment le tourisme.<\/p>\n<p>Malgr\u00e9 l\u2019agilit\u00e9 et la r\u00e9silience dont a toujours fait preuve le secteur, l\u2019ampleur in\u00e9dite de la crise actuelle n\u00e9cessite plus que jamais le renforcement de la coop\u00e9ration entre l\u2019OMT et ses Etats membres pour restaurer la confiance des voyageurs, des entreprises touristiques et des investisseurs.<\/p>\n<p>La participation marocaine a \u00e9t\u00e9 marqu\u00e9e par la cons\u00e9cration du village de Sidi Kaouki (Province d\u2019Essaouira) en tant que \u00ab Best Tourism Village 2021 \u00bb. Le village baln\u00e9aire de Sidi Kaouki a \u00e9t\u00e9 s\u00e9lectionn\u00e9 parmi plus de 170 candidatures provenant de 75 pays. Ce prix a permis de r\u00e9compenser les efforts continus du Maroc pour la construction d\u2019une destination \u00e9coresponsable.<\/p>\n<p>Enfin, plusieurs r\u00e9unions entre la d\u00e9l\u00e9gation marocaine et des op\u00e9rateurs touristiques de premier plan ont pu \u00eatre tenues en marge de l\u2019Assembl\u00e9e g\u00e9n\u00e9rale, afin de pr\u00e9parer la reprise au Maroc.<\/p>\n<p>The post <a rel=\"nofollow\" href=\"https:\/\/www.mapmarrakech.ma\/fr\/marrakech-abritera-le-premier-bureau-regional-pour-lafrique-de-lomt\/\">Marrakech abritera le 1er bureau r\u00e9gional pour l\u2019Afrique de l\u2019OMT<\/a> appeared first on <a rel=\"nofollow\" href=\"https:\/\/www.mapmarrakech.ma\/fr\">MapMarrakech<\/a>.<\/p>\n<\/div>\n<p>Auteur: Meriem IGASS<br \/>\n<a href=\"https:\/\/www.mapmarrakech.ma\/fr\/marrakech-abritera-le-premier-bureau-regional-pour-lafrique-de-lomt\/\">Cliquez ici pour lire l&rsquo;article depuis sa source.<\/a><\/p>\n","protected":false},"excerpt":{"rendered":"<p>La candidature marocaine a \u00e9t\u00e9 approuv\u00e9e dans un contexte de rude concurrence de quatre autres pays africains. Le choix de la ville de Marrakech en tant que premier bureau r\u00e9gional pour l\u2019Afrique vient consacrer le leadership continental du Royaume en mati\u00e8re de d\u00e9veloppement touristique. La mission du bureau continental de l\u2019OMT couvrira la promotion de [&hellip;]<\/p>\n","protected":false},"author":1788,"featured_media":0,"comment_status":"closed","ping_status":"closed","sticky":false,"template":"","format":"standard","meta":{"fifu_image_url":"https:\/\/www.mapmarrakech.ma\/map\/uploads\/2021\/12\/OMT.jpg","fifu_image_alt":"Marrakech abritera le 1er bureau r\u00e9gional pour l\u2019Afrique de l\u2019OMT","footnotes":""},"categories":[54,76],"tags":[],"class_list":["post-134907","post","type-post","status-publish","format-standard","hentry","category-maroc","category-regions"],"_links":{"self":[{"href":"https:\/\/linitiative.ca\/International\/wp-json\/wp\/v2\/posts\/134907","targetHints":{"allow":["GET"]}}],"collection":[{"href":"https:\/\/linitiative.ca\/International\/wp-json\/wp\/v2\/posts"}],"about":[{"href":"https:\/\/linitiative.ca\/International\/wp-json\/wp\/v2\/types\/post"}],"author":[{"embeddable":true,"href":"https:\/\/linitiative.ca\/International\/wp-json\/wp\/v2\/users\/1788"}],"replies":[{"embeddable":true,"href":"https:\/\/linitiative.ca\/International\/wp-json\/wp\/v2\/comments?post=134907"}],"version-history":[{"count":0,"href":"https:\/\/linitiative.ca\/International\/wp-json\/wp\/v2\/posts\/134907\/revisions"}],"wp:attachment":[{"href":"https:\/\/linitiative.ca\/International\/wp-json\/wp\/v2\/media?parent=134907"}],"wp:term":[{"taxonomy":"category","embeddable":true,"href":"https:\/\/linitiative.ca\/International\/wp-json\/wp\/v2\/categories?post=134907"},{"taxonomy":"post_tag","embeddable":true,"href":"https:\/\/linitiative.ca\/International\/wp-json\/wp\/v2\/tags?post=134907"}],"curies":[{"name":"wp","href":"https:\/\/api.w.org\/{rel}","templated":true}]}}