{"id":13491,"date":"2019-02-12T19:18:05","date_gmt":"2019-02-13T00:18:05","guid":{"rendered":"https:\/\/linitiative.ca\/International\/cote-divoire-lamnistie-daout-2018-est-une-mesure-dapaisement-social-gouvernement\/"},"modified":"2019-02-12T19:18:05","modified_gmt":"2019-02-13T00:18:05","slug":"cote-divoire-lamnistie-daout-2018-est-une-mesure-dapaisement-social-gouvernement","status":"publish","type":"post","link":"https:\/\/linitiative.ca\/International\/cote-divoire-lamnistie-daout-2018-est-une-mesure-dapaisement-social-gouvernement\/","title":{"rendered":"C\u00f4te d\u2019Ivoire: l\u2019amnistie d\u2019ao\u00fbt 2018 est une \u00abmesure d\u2019apaisement social\u00bb (Gouvernement)"},"content":{"rendered":"<div readability=\"32\">\n<p>Publi\u00e9 le 13.02.2019 \u00e0 01h18 par APA News<\/p>\n<\/div>\n<div readability=\"64\">\n<p>L\u2019amnistie du 6 ao\u00fbt 2018 en C\u00f4te d\u2019Ivoire \u00ab ne consacre en rien l\u2019impunit\u00e9 \u00bb, mais est \u00ab une mesure d\u2019apaisement du climat social \u00bb, indique une d\u00e9claration du gouvernement ivoirien rendue publique mardi.\u00ab Le gouvernement voudrait r\u00e9affirmer que la mesure d\u2019amnistie du 6 ao\u00fbt 2018 ne consacre en rien l\u2019impunit\u00e9 (\u2026). L\u2019amnistie du 6 ao\u00fbt 2018 est une mesure d\u2019apaisement du climat social de la C\u00f4te d\u2019Ivoire qui a \u00e9t\u00e9 unanimement salu\u00e9e \u00bb, rapporte la d\u00e9claration transmise \u00e0 APA par le minist\u00e8re de la justice et des droits de l\u2019homme.<\/p>\n<p>Dans cette d\u00e9claration, en r\u00e9ponse \u00e0 l\u2019ONG Amnesty International sur cet acte, le gouvernement pr\u00e9cise que \u00ab l\u2019ordonnance d\u2019amnistie a exclu les personnes en proc\u00e8s devant une juridiction p\u00e9nale internationale et les militaires et membres de groupes arm\u00e9s \u00bb.<\/p>\n<p>\u00ab Les crimes les plus graves ayant \u00e9t\u00e9 commis par ces personnes, on ne peut avec s\u00e9rieux pr\u00e9tendre que la C\u00f4te d\u2019Ivoire prive les victimes du droit \u00e0 la v\u00e9rit\u00e9 et \u00e0 la justice \u00bb, estime le gouvernement ivoirien.<\/p>\n<p><ins data-revive-zoneid=\"9\" data-revive-id=\"10111e19d28d19d031742ee3b0b33eb0\"\/> <\/p>\n<p>Plusieurs organisations de d\u00e9fense des droits humains avaient d\u00e9plor\u00e9 l\u2019ordonnance d\u2019amnistie qui a permis la lib\u00e9ration de Simone Gbagbo et des proches de l\u2019ex-pr\u00e9sident ivoirien, Laurent Gbagbo, appelant \u00e0 ce que justice soit rendue. \u00a0\u00a0<\/p>\n<p>Le pr\u00e9sident ivoirien Alassane Ouattara a annonc\u00e9 \u00e0 la veille de la comm\u00e9moration du 58\u00e8 anniversaire de l\u2019ind\u00e9pendance de la C\u00f4te d\u2019Ivoire, le 6 ao\u00fbt 2018, une amnistie concernant environ 800 personnes dont Simone Gbagbo, \u00e0 l\u2019exception des soldats impliqu\u00e9s de la crise post\u00e9lectorale de 2010-2011. \u00a0<\/p>\n<\/div>\n<p>Auteur: APA News<br \/>\n<a href=\"https:\/\/www.journalducameroun.com\/cote-divoire-lamnistie-daout-2018-est-une-mesure-dapaisement-social-gouvernement\/\">Cliquez ici pour lire l&rsquo;article depuis sa source.<\/a><\/p>\n","protected":false},"excerpt":{"rendered":"<p>Publi\u00e9 le 13.02.2019 \u00e0 01h18 par APA News L\u2019amnistie du 6 ao\u00fbt 2018 en C\u00f4te d\u2019Ivoire \u00ab ne consacre en rien l\u2019impunit\u00e9 \u00bb, mais est \u00ab une mesure d\u2019apaisement du climat social \u00bb, indique une d\u00e9claration du gouvernement ivoirien rendue publique mardi.\u00ab Le gouvernement voudrait r\u00e9affirmer que la mesure d\u2019amnistie du 6 ao\u00fbt 2018 ne [&hellip;]<\/p>\n","protected":false},"author":1965,"featured_media":0,"comment_status":"closed","ping_status":"closed","sticky":false,"template":"","format":"standard","meta":{"fifu_image_url":"","fifu_image_alt":"","footnotes":""},"categories":[73,82],"tags":[],"class_list":["post-13491","post","type-post","status-publish","format-standard","hentry","category-actualite","category-cameroun"],"_links":{"self":[{"href":"https:\/\/linitiative.ca\/International\/wp-json\/wp\/v2\/posts\/13491","targetHints":{"allow":["GET"]}}],"collection":[{"href":"https:\/\/linitiative.ca\/International\/wp-json\/wp\/v2\/posts"}],"about":[{"href":"https:\/\/linitiative.ca\/International\/wp-json\/wp\/v2\/types\/post"}],"author":[{"embeddable":true,"href":"https:\/\/linitiative.ca\/International\/wp-json\/wp\/v2\/users\/1965"}],"replies":[{"embeddable":true,"href":"https:\/\/linitiative.ca\/International\/wp-json\/wp\/v2\/comments?post=13491"}],"version-history":[{"count":0,"href":"https:\/\/linitiative.ca\/International\/wp-json\/wp\/v2\/posts\/13491\/revisions"}],"wp:attachment":[{"href":"https:\/\/linitiative.ca\/International\/wp-json\/wp\/v2\/media?parent=13491"}],"wp:term":[{"taxonomy":"category","embeddable":true,"href":"https:\/\/linitiative.ca\/International\/wp-json\/wp\/v2\/categories?post=13491"},{"taxonomy":"post_tag","embeddable":true,"href":"https:\/\/linitiative.ca\/International\/wp-json\/wp\/v2\/tags?post=13491"}],"curies":[{"name":"wp","href":"https:\/\/api.w.org\/{rel}","templated":true}]}}