{"id":134911,"date":"2021-12-05T06:22:19","date_gmt":"2021-12-05T11:22:19","guid":{"rendered":"https:\/\/linitiative.ca\/International\/marrakech-culture-meydene-ouvre-ses-portes-au-m-avenue\/"},"modified":"2021-12-05T06:22:19","modified_gmt":"2021-12-05T11:22:19","slug":"marrakech-culture-meydene-ouvre-ses-portes-au-m-avenue","status":"publish","type":"post","link":"https:\/\/linitiative.ca\/International\/marrakech-culture-meydene-ouvre-ses-portes-au-m-avenue\/","title":{"rendered":"Marrakech &#8211; Culture: Meydene ouvre ses portes au M Avenue"},"content":{"rendered":"<div>\n<div class=\"field field-name-body field-type-text-with-summary field-label-hidden\">\n<div class=\"field-items\">\n<div class=\"field-item even\" property=\"content:encoded\">\n<p class=\"rtejustify\">V\u00e9ritable p\u00f4le d&rsquo;attractivit\u00e9 dans la ville de Marrakech, le projet M Avenue, mix de projets immobiliers, commerciaux, culturels\u2026 enrichit son offre. Il vient de disposer d\u2019un espace d\u00e9nomm\u00e9 Meydene, un centre de 3.000 m2 au service de la culture. Cet espace propose notamment un parcours immersif 2.0 offrant au visiteur une immersion au c\u0153ur de la ville ocre, \u00e0 la rencontre de celles et ceux qui font Marrakech autant que des objets, anciens ou r\u00e9cents, qui fa\u00e7onnent leur quotidien.<\/p>\n<\/div>\n<\/div>\n<\/div>\n<\/div>\n<p>Auteur: hgueye<br \/>\n<a href=\"https:\/\/www.leconomiste.com\/flash-infos\/marrakech-culture-meydene-ouvre-ses-portes-au-m-avenue\">Cliquez ici pour lire l&rsquo;article depuis sa source.<\/a><\/p>\n","protected":false},"excerpt":{"rendered":"<p>V\u00e9ritable p\u00f4le d&rsquo;attractivit\u00e9 dans la ville de Marrakech, le projet M Avenue, mix de projets immobiliers, commerciaux, culturels\u2026 enrichit son offre. Il vient de disposer d\u2019un espace d\u00e9nomm\u00e9 Meydene, un centre de 3.000 m2 au service de la culture. Cet espace propose notamment un parcours immersif 2.0 offrant au visiteur une immersion au c\u0153ur de [&hellip;]<\/p>\n","protected":false},"author":1763,"featured_media":0,"comment_status":"closed","ping_status":"closed","sticky":false,"template":"","format":"standard","meta":{"fifu_image_url":"","fifu_image_alt":"","footnotes":""},"categories":[78,54],"tags":[],"class_list":["post-134911","post","type-post","status-publish","format-standard","hentry","category-economie","category-maroc"],"_links":{"self":[{"href":"https:\/\/linitiative.ca\/International\/wp-json\/wp\/v2\/posts\/134911","targetHints":{"allow":["GET"]}}],"collection":[{"href":"https:\/\/linitiative.ca\/International\/wp-json\/wp\/v2\/posts"}],"about":[{"href":"https:\/\/linitiative.ca\/International\/wp-json\/wp\/v2\/types\/post"}],"author":[{"embeddable":true,"href":"https:\/\/linitiative.ca\/International\/wp-json\/wp\/v2\/users\/1763"}],"replies":[{"embeddable":true,"href":"https:\/\/linitiative.ca\/International\/wp-json\/wp\/v2\/comments?post=134911"}],"version-history":[{"count":0,"href":"https:\/\/linitiative.ca\/International\/wp-json\/wp\/v2\/posts\/134911\/revisions"}],"wp:attachment":[{"href":"https:\/\/linitiative.ca\/International\/wp-json\/wp\/v2\/media?parent=134911"}],"wp:term":[{"taxonomy":"category","embeddable":true,"href":"https:\/\/linitiative.ca\/International\/wp-json\/wp\/v2\/categories?post=134911"},{"taxonomy":"post_tag","embeddable":true,"href":"https:\/\/linitiative.ca\/International\/wp-json\/wp\/v2\/tags?post=134911"}],"curies":[{"name":"wp","href":"https:\/\/api.w.org\/{rel}","templated":true}]}}