{"id":134914,"date":"2021-12-05T08:20:00","date_gmt":"2021-12-05T13:20:00","guid":{"rendered":"https:\/\/linitiative.ca\/International\/bordeaux-adli-fait-une-confidence-sur-son-futur-au-milan-ac\/"},"modified":"2021-12-05T08:20:00","modified_gmt":"2021-12-05T13:20:00","slug":"bordeaux-adli-fait-une-confidence-sur-son-futur-au-milan-ac","status":"publish","type":"post","link":"https:\/\/linitiative.ca\/International\/bordeaux-adli-fait-une-confidence-sur-son-futur-au-milan-ac\/","title":{"rendered":"Bordeaux : Adli fait une confidence sur son futur au Milan AC"},"content":{"rendered":"<div>Achet\u00e9 par l\u2019AC Milan l\u2019\u00e9t\u00e9 dernier avant d\u2019\u00eatre pr\u00eat\u00e9 aux Girondins de Bordeaux pour qu\u2019il puisse poursuivre sa progression, Yacine Adli a \u00e9t\u00e9 interrog\u00e9 sur son futur en Lombardie.<\/div>\n<p>Auteur:<br \/>\n<a href=\"https:\/\/www.lebuteur.com\/article\/detail?titre=bordeaux-adli-fait-une-confidence-sur-son-futur-au-milan-ac&#038;id=101741\">Cliquez ici pour lire l&rsquo;article depuis sa source.<\/a><\/p>\n","protected":false},"excerpt":{"rendered":"<p>Achet\u00e9 par l\u2019AC Milan l\u2019\u00e9t\u00e9 dernier avant d\u2019\u00eatre pr\u00eat\u00e9 aux Girondins de Bordeaux pour qu\u2019il puisse poursuivre sa progression, Yacine Adli a \u00e9t\u00e9 interrog\u00e9 sur son futur en Lombardie. Auteur: Cliquez ici pour lire l&rsquo;article depuis sa source.<\/p>\n","protected":false},"author":1738,"featured_media":0,"comment_status":"closed","ping_status":"closed","sticky":false,"template":"","format":"standard","meta":{"fifu_image_url":"","fifu_image_alt":"","footnotes":""},"categories":[53,75],"tags":[],"class_list":["post-134914","post","type-post","status-publish","format-standard","hentry","category-algerie","category-sport"],"_links":{"self":[{"href":"https:\/\/linitiative.ca\/International\/wp-json\/wp\/v2\/posts\/134914","targetHints":{"allow":["GET"]}}],"collection":[{"href":"https:\/\/linitiative.ca\/International\/wp-json\/wp\/v2\/posts"}],"about":[{"href":"https:\/\/linitiative.ca\/International\/wp-json\/wp\/v2\/types\/post"}],"author":[{"embeddable":true,"href":"https:\/\/linitiative.ca\/International\/wp-json\/wp\/v2\/users\/1738"}],"replies":[{"embeddable":true,"href":"https:\/\/linitiative.ca\/International\/wp-json\/wp\/v2\/comments?post=134914"}],"version-history":[{"count":0,"href":"https:\/\/linitiative.ca\/International\/wp-json\/wp\/v2\/posts\/134914\/revisions"}],"wp:attachment":[{"href":"https:\/\/linitiative.ca\/International\/wp-json\/wp\/v2\/media?parent=134914"}],"wp:term":[{"taxonomy":"category","embeddable":true,"href":"https:\/\/linitiative.ca\/International\/wp-json\/wp\/v2\/categories?post=134914"},{"taxonomy":"post_tag","embeddable":true,"href":"https:\/\/linitiative.ca\/International\/wp-json\/wp\/v2\/tags?post=134914"}],"curies":[{"name":"wp","href":"https:\/\/api.w.org\/{rel}","templated":true}]}}