{"id":13492,"date":"2019-02-12T19:18:07","date_gmt":"2019-02-13T00:18:07","guid":{"rendered":"https:\/\/linitiative.ca\/International\/cote-divoire-lancement-dune-campagne-pour-lenrolement-a-la-carte-de-resident\/"},"modified":"2019-02-12T19:18:07","modified_gmt":"2019-02-13T00:18:07","slug":"cote-divoire-lancement-dune-campagne-pour-lenrolement-a-la-carte-de-resident","status":"publish","type":"post","link":"https:\/\/linitiative.ca\/International\/cote-divoire-lancement-dune-campagne-pour-lenrolement-a-la-carte-de-resident\/","title":{"rendered":"C\u00f4te d\u2019Ivoire: lancement d\u2019une campagne pour l\u2019enr\u00f4lement \u00e0 la carte de r\u00e9sident"},"content":{"rendered":"<div readability=\"32\">\n<p>Publi\u00e9 le 13.02.2019 \u00e0 01h18 par APA News<\/p>\n<\/div>\n<div readability=\"103\">\n<p>L\u2019Office national d\u2019identification (ONI) de C\u00f4te d\u2019Ivoire a lanc\u00e9 mardi une campagne pour l\u2019enr\u00f4lement \u00e0 la carte de r\u00e9sident biom\u00e9trique pour les ressortissants hors Cedeao (Communaut\u00e9 \u00e9conomique des \u00c9tats de l\u2019Afrique de l\u2019Ouest).\u00a0\u00ab Le contexte mondial actuel oblige chaque \u00c9tat \u00e0 faire de la question de la gestion des flux migratoires une des priorit\u00e9s de gouvernance, car elle est li\u00e9e \u00e0 la probl\u00e9matique essentielle de la s\u00e9curit\u00e9 de nos \u00c9tats. C\u2019est pourquoi, depuis 13 avril 2017, en Conseil des ministres, le Gouvernement a pris la mesure de la r\u00e9activation de la carte de r\u00e9sident biom\u00e9trique pour les ressortissants hors Cedeao \u00bb, a dit le directeur g\u00e9n\u00e9ral de l\u2019ONI, Diakalidia Konat\u00e9.<\/p>\n<p>Cette mesure, dira-t-il, s\u2019inscrit non seulement dans la politique de l\u2019identification globale des personnes vivant en C\u00f4te d\u2019Ivoire, mais aussi une maitrise de la tra\u00e7abilit\u00e9 des personnes sur le territoire national ainsi que, la lutte contre la fraude sur l\u2019identit\u00e9 et les migrations clandestines.<\/p>\n<p>En application de cette mesure gouvernementale, le ministre de l\u2019Int\u00e9rieur et de la s\u00e9curit\u00e9 a pris une circulaire le 10 janvier 2019 pour rappeler le devoir qu\u2019a tout non-national hors Cedeao, \u00e2g\u00e9 de plus de 16 ans r\u00e9sidant en C\u00f4te d\u2019Ivoire depuis plus de trois mois de se munir d\u2019un titre de s\u00e9jour dont la pr\u00e9sentation est exig\u00e9e pour l\u2019accomplissement des actes de la vie civile.<\/p>\n<p>Ce recensement des r\u00e9sidents hors Cedeao devrait permettre la mise en place prochaine du registre national des personnes physiques (RNPP) en C\u00f4te d\u2019ivoire. sur une population estim\u00e9e \u00e0 1.098.000 personnes selon le Recensement g\u00e9n\u00e9ral de la population et de l\u2019habitat (RGPH 2014), seules 20.000 personnes sont formellement identifi\u00e9es et d\u00e9tiennent une carte de r\u00e9sident, soit un taux de 1.82 %. \u00a0\u00a0<\/p>\n<p>Vu ce d\u00e9sint\u00e9ressement, l\u2019Office national d\u2019identification a engag\u00e9 cette campagne de communication et de sensibilisation pour inciter \u00a0\u00e0 l\u2019enr\u00f4lement des ressortissants hors Cedeao. Car cette carte est n\u00e9cessaire pour l\u2019\u00e9tablissement de tout acte administratif, extrajudiciaire ou sous-seing priv\u00e9 soumis \u00e0 la l\u00e9gislation ivoirienne<\/p>\n<p>Les cibles vis\u00e9es sont les populations hors Cedeao vivant en C\u00f4te d\u2019Ivoire, les chancelleries, les administrations publiques et priv\u00e9es. L\u2019ONI m\u00e8ne plusieurs actions, en vue de rendre effective cette mesure gouvernementale, officialis\u00e9e par le Conseil des ministres du 04 octobre 2017.<\/p>\n<p><ins data-revive-zoneid=\"9\" data-revive-id=\"10111e19d28d19d031742ee3b0b33eb0\"\/> <\/p>\n<p>\u00ab Pour s\u2019assurer du respect de cette circulaire et, surtout dans le souci de faire en sorte que son application ne constitue pas une entrave aux activit\u00e9s des personnes concern\u00e9es, il est apparu n\u00e9cessaire d\u2019accompagner cette d\u00e9cision par une campagne d\u2019information et de sensibilisation \u00bb, a fait savoir M. Konat\u00e9.\u00a0<\/p>\n<p>Il a soulign\u00e9 que la pr\u00e9sente action s\u2019inscrit dans cette politique globale d\u2019identification. En outre, \u00ab plus personne ne pourra vivre temporairement ou s\u2019installer durablement en C\u00f4te d\u2019Ivoire sans \u00eatre identifi\u00e9e \u00bb.\u00a0<\/p>\n<p>\u00ab \u00a0Je voudrais vous exhorter \u00e0 une pleine coop\u00e9ration avec l\u2019ONI en vue d\u2019accompagner l\u2019\u00c9tat dans ses efforts pour assurer \u00e0 tous une meilleure gouvernance administrative, \u00e9conomique et s\u00e9curitaire dont les effets conduiront inexorablement \u00e0 l\u2019\u00e9mergence de la C\u00f4te d\u2019Ivoire \u00e0 l\u2019horizon 2020 \u00bb, a-t-il lanc\u00e9.<\/p>\n<p>La C\u00f4te d\u2019Ivoire compte sur son sol une forte communaut\u00e9 de ressortissants \u00e9trangers. Cette campagne devrait permettre une identification efficace de tous les r\u00e9sidents hors Cedeao dans le pays.<\/p>\n<\/div>\n<p>Auteur: APA News<br \/>\n<a href=\"https:\/\/www.journalducameroun.com\/cote-divoire-lancement-dune-campagne-pour-lenrolement-a-la-carte-de-resident\/\">Cliquez ici pour lire l&rsquo;article depuis sa source.<\/a><\/p>\n","protected":false},"excerpt":{"rendered":"<p>Publi\u00e9 le 13.02.2019 \u00e0 01h18 par APA News L\u2019Office national d\u2019identification (ONI) de C\u00f4te d\u2019Ivoire a lanc\u00e9 mardi une campagne pour l\u2019enr\u00f4lement \u00e0 la carte de r\u00e9sident biom\u00e9trique pour les ressortissants hors Cedeao (Communaut\u00e9 \u00e9conomique des \u00c9tats de l\u2019Afrique de l\u2019Ouest).\u00a0\u00ab Le contexte mondial actuel oblige chaque \u00c9tat \u00e0 faire de la question de la [&hellip;]<\/p>\n","protected":false},"author":1965,"featured_media":0,"comment_status":"closed","ping_status":"closed","sticky":false,"template":"","format":"standard","meta":{"fifu_image_url":"","fifu_image_alt":"","footnotes":""},"categories":[73,82],"tags":[],"class_list":["post-13492","post","type-post","status-publish","format-standard","hentry","category-actualite","category-cameroun"],"_links":{"self":[{"href":"https:\/\/linitiative.ca\/International\/wp-json\/wp\/v2\/posts\/13492","targetHints":{"allow":["GET"]}}],"collection":[{"href":"https:\/\/linitiative.ca\/International\/wp-json\/wp\/v2\/posts"}],"about":[{"href":"https:\/\/linitiative.ca\/International\/wp-json\/wp\/v2\/types\/post"}],"author":[{"embeddable":true,"href":"https:\/\/linitiative.ca\/International\/wp-json\/wp\/v2\/users\/1965"}],"replies":[{"embeddable":true,"href":"https:\/\/linitiative.ca\/International\/wp-json\/wp\/v2\/comments?post=13492"}],"version-history":[{"count":0,"href":"https:\/\/linitiative.ca\/International\/wp-json\/wp\/v2\/posts\/13492\/revisions"}],"wp:attachment":[{"href":"https:\/\/linitiative.ca\/International\/wp-json\/wp\/v2\/media?parent=13492"}],"wp:term":[{"taxonomy":"category","embeddable":true,"href":"https:\/\/linitiative.ca\/International\/wp-json\/wp\/v2\/categories?post=13492"},{"taxonomy":"post_tag","embeddable":true,"href":"https:\/\/linitiative.ca\/International\/wp-json\/wp\/v2\/tags?post=13492"}],"curies":[{"name":"wp","href":"https:\/\/api.w.org\/{rel}","templated":true}]}}