{"id":13493,"date":"2019-02-12T19:18:09","date_gmt":"2019-02-13T00:18:09","guid":{"rendered":"https:\/\/linitiative.ca\/International\/la-deterioration-de-la-vie-politique-ivoirienne-inquiete-les-personnes-en-situation-de-handicap\/"},"modified":"2019-02-12T19:18:09","modified_gmt":"2019-02-13T00:18:09","slug":"la-deterioration-de-la-vie-politique-ivoirienne-inquiete-les-personnes-en-situation-de-handicap","status":"publish","type":"post","link":"https:\/\/linitiative.ca\/International\/la-deterioration-de-la-vie-politique-ivoirienne-inquiete-les-personnes-en-situation-de-handicap\/","title":{"rendered":"La \u00abd\u00e9t\u00e9rioration\u00bb de la vie politique ivoirienne inqui\u00e8te les personnes en situation de handicap"},"content":{"rendered":"<div readability=\"32\">\n<p>Publi\u00e9 le 13.02.2019 \u00e0 01h18 par APA News<\/p>\n<\/div>\n<div readability=\"73\">\n<p>La Coordination des associations de personnes handicap\u00e9es de C\u00f4te d\u2019Ivoire (CAPH-CI) a exprim\u00e9, mardi, son inqui\u00e9tude apr\u00e8s la \u00ab d\u00e9t\u00e9rioration de la vie politique ivoirienne\u00bb, invitant dans la foul\u00e9e les acteurs \u00e0 la d\u00e9crispation.\u00a0\u00ab Depuis plusieurs semaines, la CAPH-CI fait le triste constat d\u2019une d\u00e9t\u00e9rioration de la vie politique ivoirienne. Cette malheureuse situation se mat\u00e9rialise au travers des discours des diff\u00e9rents acteurs de la sc\u00e8ne politique \u00bb, a confi\u00e9 \u00e0 APA, le pr\u00e9sident de cette structure Yacouba Kon\u00e9.<\/p>\n<p>\u00a0Poursuivant, il note \u00abdans ces discours les pr\u00e9mices de certains \u00e9l\u00e9ments ayant \u00a0conduit \u00e0 la r\u00e9cente crise post-\u00e9lectorale de 2010\u00bb.<\/p>\n<p>\u00a0\u00ab La Coordination des Associations de personnes en situation de handicap de C\u00f4te d\u2019Ivoire, ne pouvait rester indiff\u00e9rente face \u00e0 cette situation qu\u2019elle qualifie de menace pour la coh\u00e9sion et la paix sociale \u00bb, a insist\u00e9 M. Kon\u00e9 qui \u00ab exhorte tous les acteurs \u00e0 user d\u2019un ton rassembleur dans leurs diff\u00e9rentes interventions \u00bb.<\/p>\n<p>Par ailleurs, la question du recrutement des personnes avec handicap est une pr\u00e9occupation pour sa coordination.<\/p>\n<p>En plus du recrutement exceptionnel \u00e0 la fonction publique dont il est l\u2019un des b\u00e9n\u00e9ficiaires, le Pr\u00e9sident plaide pour \u00a0\u00ab un fond entrepreneuriat en faveur des personnes handicap\u00e9es non dipl\u00f4m\u00e9es avec un comit\u00e9 de gestion inclusif \u00bb.<\/p>\n<p><ins data-revive-zoneid=\"9\" data-revive-id=\"10111e19d28d19d031742ee3b0b33eb0\"\/> <\/p>\n<p>\u00ab Les personnes en situation d\u2019handicap souhaite une \u00a0repr\u00e9sentativit\u00e9 des personnes handicap\u00e9es au \u00a0S\u00e9nat \u00a0et au Conseil \u00e9conomique social et environnemental \u00bb, a \u00e9galement soutenu Yacouba Kon\u00e9.<\/p>\n<p>Quelque 158 personnes en situation d\u2019handicap ont \u00e9t\u00e9 retenues \u00e0 la Fonction publique \u00e0 l\u2019issue d\u2019un recrutement d\u00e9rogatoire au cours de l\u2019ann\u00e9e 2018.<\/p>\n<p>\u00a0Le gouvernement ivoirien \u00a0a d\u00e9cid\u00e9 de reconduire l\u2019op\u00e9ration pour les ann\u00e9es 2019 \u00a0et \u00a02020 \u00a0en vue de faciliter l\u2019insertion professionnelle des personnes en \u00a0situation de handicap et \u00a0de \u00a0r\u00e9duire significativement la pauvret\u00e9 \u00a0dans le milieu de ces personnes vuln\u00e9rables.<\/p>\n<\/div>\n<p>Auteur: APA News<br \/>\n<a href=\"https:\/\/www.journalducameroun.com\/la-deterioration-de-la-vie-politique-ivoirienne-inquiete-les-personnes-en-situation-de-handicap\/\">Cliquez ici pour lire l&rsquo;article depuis sa source.<\/a><\/p>\n","protected":false},"excerpt":{"rendered":"<p>Publi\u00e9 le 13.02.2019 \u00e0 01h18 par APA News La Coordination des associations de personnes handicap\u00e9es de C\u00f4te d\u2019Ivoire (CAPH-CI) a exprim\u00e9, mardi, son inqui\u00e9tude apr\u00e8s la \u00ab d\u00e9t\u00e9rioration de la vie politique ivoirienne\u00bb, invitant dans la foul\u00e9e les acteurs \u00e0 la d\u00e9crispation.\u00a0\u00ab Depuis plusieurs semaines, la CAPH-CI fait le triste constat d\u2019une d\u00e9t\u00e9rioration de la [&hellip;]<\/p>\n","protected":false},"author":1965,"featured_media":0,"comment_status":"closed","ping_status":"closed","sticky":false,"template":"","format":"standard","meta":{"fifu_image_url":"","fifu_image_alt":"","footnotes":""},"categories":[73,82],"tags":[],"class_list":["post-13493","post","type-post","status-publish","format-standard","hentry","category-actualite","category-cameroun"],"_links":{"self":[{"href":"https:\/\/linitiative.ca\/International\/wp-json\/wp\/v2\/posts\/13493","targetHints":{"allow":["GET"]}}],"collection":[{"href":"https:\/\/linitiative.ca\/International\/wp-json\/wp\/v2\/posts"}],"about":[{"href":"https:\/\/linitiative.ca\/International\/wp-json\/wp\/v2\/types\/post"}],"author":[{"embeddable":true,"href":"https:\/\/linitiative.ca\/International\/wp-json\/wp\/v2\/users\/1965"}],"replies":[{"embeddable":true,"href":"https:\/\/linitiative.ca\/International\/wp-json\/wp\/v2\/comments?post=13493"}],"version-history":[{"count":0,"href":"https:\/\/linitiative.ca\/International\/wp-json\/wp\/v2\/posts\/13493\/revisions"}],"wp:attachment":[{"href":"https:\/\/linitiative.ca\/International\/wp-json\/wp\/v2\/media?parent=13493"}],"wp:term":[{"taxonomy":"category","embeddable":true,"href":"https:\/\/linitiative.ca\/International\/wp-json\/wp\/v2\/categories?post=13493"},{"taxonomy":"post_tag","embeddable":true,"href":"https:\/\/linitiative.ca\/International\/wp-json\/wp\/v2\/tags?post=13493"}],"curies":[{"name":"wp","href":"https:\/\/api.w.org\/{rel}","templated":true}]}}