{"id":134931,"date":"2021-12-05T12:23:00","date_gmt":"2021-12-05T17:23:00","guid":{"rendered":"https:\/\/linitiative.ca\/International\/tunisie-de-charybde-en-scylla\/"},"modified":"2021-12-05T12:23:00","modified_gmt":"2021-12-05T17:23:00","slug":"tunisie-de-charybde-en-scylla","status":"publish","type":"post","link":"https:\/\/linitiative.ca\/International\/tunisie-de-charybde-en-scylla\/","title":{"rendered":"Tunisie: De Charybde en Scylla"},"content":{"rendered":"<div><img decoding=\"async\" src=\"https:\/\/linitiative.ca\/International\/wp-content\/uploads\/sites\/23\/2021\/12\/1638729614_article.jpg\" alt=\"Tunisie: De Charybde en Scylla\" align=\"left\">Par Tahar Abdessalem &#8211; Il paraitrait que beaucoup de Tunisiens sont d\u00e9\u00e7us par la d\u00e9mocratie repr\u00e9sentative, fatigu\u00e9s de ses querelles et bagarres, en bref n\u2019en voudraient plus. Ils en viendraient \u00e0 cet \u00e9tat des choses beaucoup plus rapidement, en \u00e0 peine une d\u00e9cennie, que les pays o\u00f9 cette forme de d\u00e9mocratie est pratiqu\u00e9e depuis fort longtemps, et qui connaissent \u00e0 leur tour des remises en questions, voire des soubresauts de toutes sortes.<br \/>\nCela me rappelle un texte que j\u2019ai publi\u00e9 en ao\u00fbt 2016 intitul\u00e9 \u2019\u2019 Y a-\u00adt\u00ad\u2010il suffisamment de Tunisiens pour vouloir la d\u00e9mocratie ? \u2018\u2019, o\u00f9 une r\u00e9flexion \u00e9l\u00e9mentaire sur la conjoncture politique et sociale constatait &#8230;<\/p>\n<\/div>\n<p>Auteur:<br \/>\n<a href=\"https:\/\/www.leaders.com.tn\/article\/32726-tunisie-de-charybde-en-scylla\">Cliquez ici pour lire l&rsquo;article depuis sa source.<\/a><\/p>\n","protected":false},"excerpt":{"rendered":"<p>Par Tahar Abdessalem &#8211; Il paraitrait que beaucoup de Tunisiens sont d\u00e9\u00e7us par la d\u00e9mocratie repr\u00e9sentative, fatigu\u00e9s de ses querelles et bagarres, en bref n\u2019en voudraient plus. Ils en viendraient \u00e0 cet \u00e9tat des choses beaucoup plus rapidement, en \u00e0 peine une d\u00e9cennie, que les pays o\u00f9 cette forme de d\u00e9mocratie est pratiqu\u00e9e depuis fort [&hellip;]<\/p>\n","protected":false},"author":1772,"featured_media":0,"comment_status":"closed","ping_status":"closed","sticky":false,"template":"","format":"standard","meta":{"fifu_image_url":"http:\/\/www.leaders.com.tn\/uploads\/content\/thumbnails_small\/1638729614_article.jpg","fifu_image_alt":"Tunisie: De Charybde en Scylla","footnotes":""},"categories":[73,55],"tags":[],"class_list":["post-134931","post","type-post","status-publish","format-standard","hentry","category-actualite","category-tunisie"],"_links":{"self":[{"href":"https:\/\/linitiative.ca\/International\/wp-json\/wp\/v2\/posts\/134931","targetHints":{"allow":["GET"]}}],"collection":[{"href":"https:\/\/linitiative.ca\/International\/wp-json\/wp\/v2\/posts"}],"about":[{"href":"https:\/\/linitiative.ca\/International\/wp-json\/wp\/v2\/types\/post"}],"author":[{"embeddable":true,"href":"https:\/\/linitiative.ca\/International\/wp-json\/wp\/v2\/users\/1772"}],"replies":[{"embeddable":true,"href":"https:\/\/linitiative.ca\/International\/wp-json\/wp\/v2\/comments?post=134931"}],"version-history":[{"count":0,"href":"https:\/\/linitiative.ca\/International\/wp-json\/wp\/v2\/posts\/134931\/revisions"}],"wp:attachment":[{"href":"https:\/\/linitiative.ca\/International\/wp-json\/wp\/v2\/media?parent=134931"}],"wp:term":[{"taxonomy":"category","embeddable":true,"href":"https:\/\/linitiative.ca\/International\/wp-json\/wp\/v2\/categories?post=134931"},{"taxonomy":"post_tag","embeddable":true,"href":"https:\/\/linitiative.ca\/International\/wp-json\/wp\/v2\/tags?post=134931"}],"curies":[{"name":"wp","href":"https:\/\/api.w.org\/{rel}","templated":true}]}}