{"id":13494,"date":"2019-02-12T19:18:12","date_gmt":"2019-02-13T00:18:12","guid":{"rendered":"https:\/\/linitiative.ca\/International\/produits-dassurance-remise-de-larrete-fixant-les-conditions-de-delivrance-des-cartes-professionnelles\/"},"modified":"2019-02-12T19:18:12","modified_gmt":"2019-02-13T00:18:12","slug":"produits-dassurance-remise-de-larrete-fixant-les-conditions-de-delivrance-des-cartes-professionnelles","status":"publish","type":"post","link":"https:\/\/linitiative.ca\/International\/produits-dassurance-remise-de-larrete-fixant-les-conditions-de-delivrance-des-cartes-professionnelles\/","title":{"rendered":"Produits d\u2019assurance: remise de l\u2019arr\u00eat\u00e9 fixant les conditions de d\u00e9livrance des cartes professionnelles"},"content":{"rendered":"<div readability=\"32\">\n<p>Publi\u00e9 le 13.02.2019 \u00e0 01h18 par APA News<\/p>\n<\/div>\n<div readability=\"108\">\n<p>L\u2019arr\u00eat\u00e9 fixant les conditions de d\u00e9livrance des cartes professionnelles aux agents des banques, des \u00e9tablissements financiers et des syst\u00e8mes financiers d\u00e9centralis\u00e9s pour la commercialisation des produits d\u2019assurance a \u00e9t\u00e9 officiellement, remis mardi \u00e0 Abidjan, aux diff\u00e9rents acteurs par le Directeur g\u00e9n\u00e9ral du Tr\u00e9sor et de la comptabilit\u00e9 publique, Jacques Konan Assahor\u00e9.Cet arr\u00eat\u00e9 \u00ab vient abroger les dispositions du pr\u00e9c\u00e9dent arr\u00eat\u00e9 pris le 8 novembre 2016 et dont l\u2019application laissait apparaitre quelques difficult\u00e9s li\u00e9es \u00e0 la sp\u00e9cificit\u00e9 de l\u2019activit\u00e9 des acteurs concern\u00e9s \u00bb, a expliqu\u00e9 M. Assahor\u00e9.<\/p>\n<p>Selon lui, la signature de cet arr\u00eat\u00e9 est le \u00ab fruit de l\u2019excellent partenariat public-priv\u00e9 \u00bb et r\u00e9sulte des \u00ab rencontres d\u2019\u00e9changes \u00bb tenues entre les services techniques respectifs depuis mai 2018, au cours desquelles les repr\u00e9sentants du secteur priv\u00e9 ont fait conna\u00eetre leurs pr\u00e9occupations et propositions.<\/p>\n<p>\u00a0\u00ab Toutes ces pr\u00e9occupations et propositions ont \u00e9t\u00e9 prises en compte, faisant ainsi de ce nouvel arr\u00eat\u00e9 un acte administratif consensuel, mais surtout incontournable dans l\u2019optique de l\u2019inclusion financi\u00e8re prise en compte dans notre Plan strat\u00e9gique de d\u00e9veloppement \u00bb, s\u2019est f\u00e9licit\u00e9 le patron du Tr\u00e9sor public ivoirien.<\/p>\n<p>De fa\u00e7on pratique, ce texte comble un vide. En effet, les dispositions de l\u2019article 503 du code des assurances pr\u00e9voient la possibilit\u00e9 pour les banques, les \u00e9tablissements financiers et les syst\u00e8mes financiers d\u00e9centralis\u00e9s de pr\u00e9senter des produits d\u2019assurances, d\u00e8s lors que la personne habilit\u00e9e \u00e0 pr\u00e9senter ces op\u00e9rations est titulaire de la carte professionnelle d\u00e9livr\u00e9e \u00e0 cet effet par le ministre de l\u2019\u00e9conomie et des finances.<\/p>\n<p>Cependant, les conditions \u00e0 remplir par ces personnes n\u2019\u00e9tant pas d\u00e9finies par le code des assurances, il est apparu n\u00e9cessaire de prendre un arr\u00eat\u00e9 pour encadrer la commercialisation des produits d\u2019assurance par les banques, les \u00e9tablissements financiers et les institutions de microfinance.<\/p>\n<p>Dans ce nouvel acte, a encore expliqu\u00e9 le Directeur g\u00e9n\u00e9ral du Tr\u00e9sor, \u00ables difficult\u00e9s d\u2019application constat\u00e9es dans le pr\u00e9c\u00e9dent arr\u00eat\u00e9 ont \u00e9t\u00e9 discut\u00e9es et aplanies\u00bb.<\/p>\n<p><ins data-revive-zoneid=\"9\" data-revive-id=\"10111e19d28d19d031742ee3b0b33eb0\"\/> <\/p>\n<p>Les questions li\u00e9es \u00e0 la publicit\u00e9, \u00e0 la souscription de contrat et aux diligences \u00e0 la charge des banques, des \u00e9tablissements financiers et des syst\u00e8mes financiers d\u00e9centralis\u00e9s sont clairement trait\u00e9es dans cet arr\u00eat\u00e9.<\/p>\n<p>Il s\u2019agit l\u00e0, par la r\u00e9glementation de ces nouveaux canaux \u00e0 l\u2019instar de ceux qui existent, d\u2019une action visant \u00e0 augmenter le taux de p\u00e9n\u00e9tration de l\u2019assurance en C\u00f4te d\u2019Ivoire qui reste encore tr\u00e8s faible, selon le Pr\u00e9sident de l\u2019Association des soci\u00e9t\u00e9s d\u2019assurances de C\u00f4te d\u2019Ivoire (ASA-CI), Saliou Bakayoko.<\/p>\n<p>Au regard des dispositions du nouvel arr\u00eat\u00e9 qui paraissent nettement plus souples, \u00ab je vous invite vivement \u00e0 vous conformer \u00e0 la r\u00e9glementation en vous procurant des cartes professionnelles vous habilitant \u00e0 la commercialisation des produits d\u2019assurance, en toute l\u00e9galit\u00e9 \u00bb, a conclu Jacques Konan Assahor\u00e9.<\/p>\n<p>Auparavant, le Pr\u00e9sident de l\u2019Association des soci\u00e9t\u00e9s d\u2019assurances de C\u00f4te d\u2019Ivoire (ASA-CI), Saliou Bakayoko et le Vice-Pr\u00e9sident de l\u2019Association professionnelle des banques et \u00e9tablissements financiers de C\u00f4te d\u2019Ivoire (APBEF-CI) J\u00e9r\u00f4me Ehui ainsi que le repr\u00e9sentant \u00a0de l\u2019Association professionnelle des syst\u00e8mes financiers d\u00e9centralis\u00e9s de C\u00f4te d\u2019Ivoire (APSFD-CI), Ars\u00e8ne Koffi ont tour \u00e0 tour salu\u00e9 l\u2019av\u00e8nement de cet arr\u00eat\u00e9 avant d\u2019exprimer leur disponibilit\u00e9 \u00e0 accompagner sa mise \u0153uvre.<\/p>\n<\/div>\n<p>Auteur: APA News<br \/>\n<a href=\"https:\/\/www.journalducameroun.com\/produits-dassurance-remise-de-larrete-fixant-les-conditions-de-delivrance-des-cartes-professionnelles\/\">Cliquez ici pour lire l&rsquo;article depuis sa source.<\/a><\/p>\n","protected":false},"excerpt":{"rendered":"<p>Publi\u00e9 le 13.02.2019 \u00e0 01h18 par APA News L\u2019arr\u00eat\u00e9 fixant les conditions de d\u00e9livrance des cartes professionnelles aux agents des banques, des \u00e9tablissements financiers et des syst\u00e8mes financiers d\u00e9centralis\u00e9s pour la commercialisation des produits d\u2019assurance a \u00e9t\u00e9 officiellement, remis mardi \u00e0 Abidjan, aux diff\u00e9rents acteurs par le Directeur g\u00e9n\u00e9ral du Tr\u00e9sor et de la comptabilit\u00e9 [&hellip;]<\/p>\n","protected":false},"author":1965,"featured_media":0,"comment_status":"closed","ping_status":"closed","sticky":false,"template":"","format":"standard","meta":{"fifu_image_url":"","fifu_image_alt":"","footnotes":""},"categories":[73,82],"tags":[],"class_list":["post-13494","post","type-post","status-publish","format-standard","hentry","category-actualite","category-cameroun"],"_links":{"self":[{"href":"https:\/\/linitiative.ca\/International\/wp-json\/wp\/v2\/posts\/13494","targetHints":{"allow":["GET"]}}],"collection":[{"href":"https:\/\/linitiative.ca\/International\/wp-json\/wp\/v2\/posts"}],"about":[{"href":"https:\/\/linitiative.ca\/International\/wp-json\/wp\/v2\/types\/post"}],"author":[{"embeddable":true,"href":"https:\/\/linitiative.ca\/International\/wp-json\/wp\/v2\/users\/1965"}],"replies":[{"embeddable":true,"href":"https:\/\/linitiative.ca\/International\/wp-json\/wp\/v2\/comments?post=13494"}],"version-history":[{"count":0,"href":"https:\/\/linitiative.ca\/International\/wp-json\/wp\/v2\/posts\/13494\/revisions"}],"wp:attachment":[{"href":"https:\/\/linitiative.ca\/International\/wp-json\/wp\/v2\/media?parent=13494"}],"wp:term":[{"taxonomy":"category","embeddable":true,"href":"https:\/\/linitiative.ca\/International\/wp-json\/wp\/v2\/categories?post=13494"},{"taxonomy":"post_tag","embeddable":true,"href":"https:\/\/linitiative.ca\/International\/wp-json\/wp\/v2\/tags?post=13494"}],"curies":[{"name":"wp","href":"https:\/\/api.w.org\/{rel}","templated":true}]}}