{"id":134940,"date":"2021-12-05T06:51:08","date_gmt":"2021-12-05T11:51:08","guid":{"rendered":"https:\/\/linitiative.ca\/International\/variant-omicron-le-medecin-qui-la-decouvert-dresse-la-liste-des-symptomes\/"},"modified":"2021-12-05T06:51:08","modified_gmt":"2021-12-05T11:51:08","slug":"variant-omicron-le-medecin-qui-la-decouvert-dresse-la-liste-des-symptomes","status":"publish","type":"post","link":"https:\/\/linitiative.ca\/International\/variant-omicron-le-medecin-qui-la-decouvert-dresse-la-liste-des-symptomes\/","title":{"rendered":"Variant Omicron. Le m\u00e9decin qui l\u2019a d\u00e9couvert dresse la liste des sympt\u00f4mes"},"content":{"rendered":"<div><img decoding=\"async\" width=\"750\" height=\"375\" src=\"https:\/\/linitiative.ca\/International\/wp-content\/uploads\/sites\/23\/2021\/12\/SUD.jpg\" class=\"attachment-post-thumbnail size-post-thumbnail wp-post-image\" alt=\"\" loading=\"lazy\" srcset=\"https:\/\/linitiative.ca\/International\/wp-content\/uploads\/sites\/23\/2021\/12\/SUD.jpg 750w, https:\/\/www.challenge.ma\/wp-content\/uploads\/2021\/12\/SUD-300x150.jpg 300w, https:\/\/www.challenge.ma\/wp-content\/uploads\/2021\/12\/SUD-360x180.jpg 360w\" sizes=\"auto, (max-width: 750px) 100vw, 750px\" itemprop=\"image\">Le variant Omicron qui a \u00e9merg\u00e9 r\u00e9cemment en Afrique du Sud suscite l\u2019inqui\u00e9tude, conduisant notamment au Maroc \u00e0 la fermeture de fronti\u00e8res. Peu d\u2019informations sont \u00e0 ce jour disponibles. Que sait-on alors jusque-l\u00e0 des sympt\u00f4mes ? Le m\u00e9decin qui a d\u00e9couvert ce variant a dress\u00e9 la liste, dans un entretien<\/div>\n<p>Auteur: challenge<br \/>\n<a href=\"https:\/\/www.challenge.ma\/variant-omicron-le-medecin-qui-la-decouvert-dresse-la-liste-des-symptomes-227742\/\">Cliquez ici pour lire l&rsquo;article depuis sa source.<\/a><\/p>\n","protected":false},"excerpt":{"rendered":"<p>Le variant Omicron qui a \u00e9merg\u00e9 r\u00e9cemment en Afrique du Sud suscite l\u2019inqui\u00e9tude, conduisant notamment au Maroc \u00e0 la fermeture de fronti\u00e8res. Peu d\u2019informations sont \u00e0 ce jour disponibles. Que sait-on alors jusque-l\u00e0 des sympt\u00f4mes ? Le m\u00e9decin qui a d\u00e9couvert ce variant a dress\u00e9 la liste, dans un entretien Auteur: challenge Cliquez ici pour [&hellip;]<\/p>\n","protected":false},"author":1787,"featured_media":0,"comment_status":"closed","ping_status":"closed","sticky":false,"template":"","format":"standard","meta":{"fifu_image_url":"https:\/\/www.challenge.ma\/wp-content\/uploads\/2021\/12\/SUD.jpg","fifu_image_alt":"Variant Omicron. Le m\u00e9decin qui l\u2019a d\u00e9couvert dresse la liste des sympt\u00f4mes","footnotes":""},"categories":[78,54],"tags":[],"class_list":["post-134940","post","type-post","status-publish","format-standard","hentry","category-economie","category-maroc"],"_links":{"self":[{"href":"https:\/\/linitiative.ca\/International\/wp-json\/wp\/v2\/posts\/134940","targetHints":{"allow":["GET"]}}],"collection":[{"href":"https:\/\/linitiative.ca\/International\/wp-json\/wp\/v2\/posts"}],"about":[{"href":"https:\/\/linitiative.ca\/International\/wp-json\/wp\/v2\/types\/post"}],"author":[{"embeddable":true,"href":"https:\/\/linitiative.ca\/International\/wp-json\/wp\/v2\/users\/1787"}],"replies":[{"embeddable":true,"href":"https:\/\/linitiative.ca\/International\/wp-json\/wp\/v2\/comments?post=134940"}],"version-history":[{"count":0,"href":"https:\/\/linitiative.ca\/International\/wp-json\/wp\/v2\/posts\/134940\/revisions"}],"wp:attachment":[{"href":"https:\/\/linitiative.ca\/International\/wp-json\/wp\/v2\/media?parent=134940"}],"wp:term":[{"taxonomy":"category","embeddable":true,"href":"https:\/\/linitiative.ca\/International\/wp-json\/wp\/v2\/categories?post=134940"},{"taxonomy":"post_tag","embeddable":true,"href":"https:\/\/linitiative.ca\/International\/wp-json\/wp\/v2\/tags?post=134940"}],"curies":[{"name":"wp","href":"https:\/\/api.w.org\/{rel}","templated":true}]}}