{"id":134942,"date":"2021-12-05T07:23:01","date_gmt":"2021-12-05T12:23:01","guid":{"rendered":"https:\/\/linitiative.ca\/International\/maroc-des-tests-de-depistage-de-la-covid-19-aleatoires-dans-les-ecoles\/"},"modified":"2021-12-05T07:23:01","modified_gmt":"2021-12-05T12:23:01","slug":"maroc-des-tests-de-depistage-de-la-covid-19-aleatoires-dans-les-ecoles","status":"publish","type":"post","link":"https:\/\/linitiative.ca\/International\/maroc-des-tests-de-depistage-de-la-covid-19-aleatoires-dans-les-ecoles\/","title":{"rendered":"Maroc. Des tests de d\u00e9pistage de la Covid-19 \u00abal\u00e9atoires\u00bb dans les \u00e9coles"},"content":{"rendered":"<div><img decoding=\"async\" width=\"780\" height=\"468\" src=\"https:\/\/linitiative.ca\/International\/wp-content\/uploads\/sites\/23\/2021\/12\/ecole.png\" class=\"attachment-post-thumbnail size-post-thumbnail wp-post-image\" alt=\"\" loading=\"lazy\" srcset=\"https:\/\/linitiative.ca\/International\/wp-content\/uploads\/sites\/23\/2021\/12\/ecole.png 780w, https:\/\/www.challenge.ma\/wp-content\/uploads\/2021\/12\/ecole-300x180.png 300w, https:\/\/www.challenge.ma\/wp-content\/uploads\/2021\/12\/ecole-768x461.png 768w, https:\/\/www.challenge.ma\/wp-content\/uploads\/2021\/12\/ecole-360x216.png 360w, https:\/\/www.challenge.ma\/wp-content\/uploads\/2021\/12\/ecole-750x450.png 750w\" sizes=\"auto, (max-width: 780px) 100vw, 780px\" itemprop=\"image\">Le minist\u00e8re de la Sant\u00e9 a lanc\u00e9 \u00a0le 1er d\u00e9cembre une op\u00e9ration de d\u00e9pistage de la Covid-19 (PCR). Ces tests al\u00e9atoires concernent les \u00e9l\u00e8ves et les personnels des \u00e9coles publiques et priv\u00e9es de diff\u00e9rents cycles. Plusieurs parents d\u2019\u00e9l\u00e8ves d\u2019\u00e9tablissements priv\u00e9s au Maroc (missions \u00e9trang\u00e8res comprises) ont \u00e9t\u00e9 notifi\u00e9s par les<\/div>\n<p>Auteur: challenge<br \/>\n<a href=\"https:\/\/www.challenge.ma\/maroc-des-tests-de-depistage-de-la-covid-19-aleatoires-dans-les-ecoles-227746\/\">Cliquez ici pour lire l&rsquo;article depuis sa source.<\/a><\/p>\n","protected":false},"excerpt":{"rendered":"<p>Le minist\u00e8re de la Sant\u00e9 a lanc\u00e9 \u00a0le 1er d\u00e9cembre une op\u00e9ration de d\u00e9pistage de la Covid-19 (PCR). Ces tests al\u00e9atoires concernent les \u00e9l\u00e8ves et les personnels des \u00e9coles publiques et priv\u00e9es de diff\u00e9rents cycles. Plusieurs parents d\u2019\u00e9l\u00e8ves d\u2019\u00e9tablissements priv\u00e9s au Maroc (missions \u00e9trang\u00e8res comprises) ont \u00e9t\u00e9 notifi\u00e9s par les Auteur: challenge Cliquez ici pour [&hellip;]<\/p>\n","protected":false},"author":1787,"featured_media":0,"comment_status":"closed","ping_status":"closed","sticky":false,"template":"","format":"standard","meta":{"fifu_image_url":"https:\/\/www.challenge.ma\/wp-content\/uploads\/2021\/12\/ecole.png","fifu_image_alt":"Maroc. Des tests de d\u00e9pistage de la Covid-19 \u00abal\u00e9atoires\u00bb dans les \u00e9coles","footnotes":""},"categories":[78,54],"tags":[],"class_list":["post-134942","post","type-post","status-publish","format-standard","hentry","category-economie","category-maroc"],"_links":{"self":[{"href":"https:\/\/linitiative.ca\/International\/wp-json\/wp\/v2\/posts\/134942","targetHints":{"allow":["GET"]}}],"collection":[{"href":"https:\/\/linitiative.ca\/International\/wp-json\/wp\/v2\/posts"}],"about":[{"href":"https:\/\/linitiative.ca\/International\/wp-json\/wp\/v2\/types\/post"}],"author":[{"embeddable":true,"href":"https:\/\/linitiative.ca\/International\/wp-json\/wp\/v2\/users\/1787"}],"replies":[{"embeddable":true,"href":"https:\/\/linitiative.ca\/International\/wp-json\/wp\/v2\/comments?post=134942"}],"version-history":[{"count":0,"href":"https:\/\/linitiative.ca\/International\/wp-json\/wp\/v2\/posts\/134942\/revisions"}],"wp:attachment":[{"href":"https:\/\/linitiative.ca\/International\/wp-json\/wp\/v2\/media?parent=134942"}],"wp:term":[{"taxonomy":"category","embeddable":true,"href":"https:\/\/linitiative.ca\/International\/wp-json\/wp\/v2\/categories?post=134942"},{"taxonomy":"post_tag","embeddable":true,"href":"https:\/\/linitiative.ca\/International\/wp-json\/wp\/v2\/tags?post=134942"}],"curies":[{"name":"wp","href":"https:\/\/api.w.org\/{rel}","templated":true}]}}