{"id":134953,"date":"2021-12-05T13:54:38","date_gmt":"2021-12-05T18:54:38","guid":{"rendered":"https:\/\/linitiative.ca\/International\/nouveau-massacre-des-civils-au-mali\/"},"modified":"2021-12-05T13:54:38","modified_gmt":"2021-12-05T18:54:38","slug":"nouveau-massacre-des-civils-au-mali","status":"publish","type":"post","link":"https:\/\/linitiative.ca\/International\/nouveau-massacre-des-civils-au-mali\/","title":{"rendered":"NOUVEAU MASSACRE DES CIVILS AU MALI"},"content":{"rendered":"<div>\n<p><img decoding=\"async\" width=\"592\" height=\"296\" src=\"https:\/\/linitiative.ca\/International\/wp-content\/uploads\/sites\/23\/2021\/12\/MALI.jpg\" class=\"attachment- size- wp-post-image\" alt=\"\" loading=\"lazy\" style=\"float:left; margin:0 15px 15px 0;\" srcset=\"https:\/\/linitiative.ca\/International\/wp-content\/uploads\/sites\/23\/2021\/12\/MALI.jpg 592w, https:\/\/lepays.bf\/wp-content\/uploads\/2021\/12\/MALI-300x150.jpg 300w\" sizes=\"auto, (max-width: 592px) 100vw, 592px\">Apr\u00e8s quelques semaines de relative accalmie, le Centre du Mali renoue avec les attaques brutales et sans discernement contre les civils et les militaires, toutes imput\u00e9es aux groupes arm\u00e9s qui foisonnent dans cette partie du pays. Vendredi dernier, en milieu de matin\u00e9e, l\u2019on a assist\u00e9 \u00e0 un \u00e9pisode sanglant de plus dans cette interminable s\u00e9rie \u2026<\/p>\n<p>L\u2019article <a rel=\"nofollow\" href=\"https:\/\/lepays.bf\/nouveau-massacre-des-civils-au-mali\/\">NOUVEAU MASSACRE DES CIVILS AU MALI<\/a> est apparu en premier sur <a rel=\"nofollow\" href=\"https:\/\/lepays.bf\/\">Editions Le Pays<\/a>.<\/p>\n<\/div>\n<p>Auteur: Editions LEPAYS<br \/>\n<a href=\"https:\/\/lepays.bf\/nouveau-massacre-des-civils-au-mali\/\">Cliquez ici pour lire l&rsquo;article depuis sa source.<\/a><\/p>\n","protected":false},"excerpt":{"rendered":"<p>Apr\u00e8s quelques semaines de relative accalmie, le Centre du Mali renoue avec les attaques brutales et sans discernement contre les civils et les militaires, toutes imput\u00e9es aux groupes arm\u00e9s qui foisonnent dans cette partie du pays. Vendredi dernier, en milieu de matin\u00e9e, l\u2019on a assist\u00e9 \u00e0 un \u00e9pisode sanglant de plus dans cette interminable s\u00e9rie [&hellip;]<\/p>\n","protected":false},"author":1813,"featured_media":0,"comment_status":"closed","ping_status":"closed","sticky":false,"template":"","format":"standard","meta":{"fifu_image_url":"https:\/\/lepays.bf\/wp-content\/uploads\/2021\/12\/MALI.jpg","fifu_image_alt":"NOUVEAU MASSACRE DES CIVILS AU MALI","footnotes":""},"categories":[73,81],"tags":[],"class_list":["post-134953","post","type-post","status-publish","format-standard","hentry","category-actualite","category-burkina-faso"],"_links":{"self":[{"href":"https:\/\/linitiative.ca\/International\/wp-json\/wp\/v2\/posts\/134953","targetHints":{"allow":["GET"]}}],"collection":[{"href":"https:\/\/linitiative.ca\/International\/wp-json\/wp\/v2\/posts"}],"about":[{"href":"https:\/\/linitiative.ca\/International\/wp-json\/wp\/v2\/types\/post"}],"author":[{"embeddable":true,"href":"https:\/\/linitiative.ca\/International\/wp-json\/wp\/v2\/users\/1813"}],"replies":[{"embeddable":true,"href":"https:\/\/linitiative.ca\/International\/wp-json\/wp\/v2\/comments?post=134953"}],"version-history":[{"count":0,"href":"https:\/\/linitiative.ca\/International\/wp-json\/wp\/v2\/posts\/134953\/revisions"}],"wp:attachment":[{"href":"https:\/\/linitiative.ca\/International\/wp-json\/wp\/v2\/media?parent=134953"}],"wp:term":[{"taxonomy":"category","embeddable":true,"href":"https:\/\/linitiative.ca\/International\/wp-json\/wp\/v2\/categories?post=134953"},{"taxonomy":"post_tag","embeddable":true,"href":"https:\/\/linitiative.ca\/International\/wp-json\/wp\/v2\/tags?post=134953"}],"curies":[{"name":"wp","href":"https:\/\/api.w.org\/{rel}","templated":true}]}}