{"id":134964,"date":"2021-12-05T11:18:01","date_gmt":"2021-12-05T16:18:01","guid":{"rendered":"https:\/\/linitiative.ca\/International\/gambie-vers-un-second-mandat-pour-adama-barrow\/"},"modified":"2021-12-05T11:18:01","modified_gmt":"2021-12-05T16:18:01","slug":"gambie-vers-un-second-mandat-pour-adama-barrow","status":"publish","type":"post","link":"https:\/\/linitiative.ca\/International\/gambie-vers-un-second-mandat-pour-adama-barrow\/","title":{"rendered":"Gambie: Vers un second mandat pour Adama Barrow"},"content":{"rendered":"<div>\n<p><img decoding=\"async\" width=\"720\" height=\"540\" src=\"https:\/\/linitiative.ca\/International\/wp-content\/uploads\/sites\/23\/2021\/12\/16387210812854.jpg\" class=\"attachment-post-thumbnail size-post-thumbnail wp-post-image\" alt=\"\" loading=\"lazy\" srcset=\"https:\/\/linitiative.ca\/International\/wp-content\/uploads\/sites\/23\/2021\/12\/16387210812854.jpg 720w, https:\/\/www.journalducameroun.com\/wp-content\/uploads\/2021\/12\/16387210812854-300x225.jpg 300w, https:\/\/www.journalducameroun.com\/wp-content\/uploads\/2021\/12\/16387210812854-587x440.jpg 587w, https:\/\/www.journalducameroun.com\/wp-content\/uploads\/2021\/12\/16387210812854-600x450.jpg 600w\" sizes=\"auto, (max-width: 720px) 100vw, 720px\"><\/p>\n<p>C&rsquo;est la premi\u00e8re pr\u00e9sidentielle depuis la fin du r\u00e8gne de Yahya Jammeh, qui a gouvern\u00e9 le pays d&rsquo;une main de fer pendant plus de vingt ans.En Afrique, un pr\u00e9sident sortant qui postule pour un second mandat est rarement battu. En Gambie o\u00f9 Adama Barrow sollicitait samedi les voix de ses compatriotes pour se faire reconduire \u00e0 la t\u00eate du pays, pour les\u00a0cinq prochaines ann\u00e9es,\u00a0face \u00e0 cinq rivaux, tous des hommes, ne semble pas devoir faire exception. Selon les r\u00e9sultats partiels rendus publics dimanche en milieu de journ\u00e9e par la commission \u00e9lectorale nationale (IEC en anglais), le candidat du Parti national pour le peuple (NPP) arrive \u2018&rsquo;largement en t\u00eate\u00a0\u00bb dans la presque totalit\u00e9 des 53 circonscriptions \u00e9lectorales gambiennes, a appris Apa news \u00e0 Banjul, la capitale.<\/p>\n<p>D&rsquo;apr\u00e8s Ali Momar Njie, le pr\u00e9sident de l&rsquo;IEC qui continuait dimanche en d\u00e9but d&rsquo;apr\u00e8s-midi \u00e0 donner les r\u00e9sultats, \u00e0 mesure qu&rsquo;ils lui parvenaient, sur plus de 40 circonscriptions sur les 53 que compte le pays, , Adama Barrow arrive \u00ab largement devant dans la presque totalit\u00e9 des districts \u00e9lectoraux\u00a0\u00bb, devan\u00e7ant nettement son principal challenger, le v\u00e9t\u00e9ran de la vie politique gambienne et opposant historique, Ousainou Darboe.\u00a0<\/p>\n<p>Dans cette ancienne colonie britannique en forme de doigt de gant enfonc\u00e9 dans le ventre du S\u00e9n\u00e9gal, cette \u00e9lection jouit d&rsquo;une attention particuli\u00e8re, en raison du fait qu&rsquo;elle soit la premi\u00e8re depuis la fin du r\u00e8gne de Yahya\u00a0Jammeh, qui a gouvern\u00e9 le pays d&rsquo;une main de fer pendant plus de vingt ans.<\/p>\n<p>Ce scrutin qui s&rsquo;est d\u00e9roul\u00e9 sous les yeux d&rsquo;observateurs de l&rsquo;Union europ\u00e9enne, du Commonwealth, de l&rsquo;Union africaine et de la CEDEAO, est un v\u00e9ritable test d\u00e9mocratique pour ce pays ouest-africain de 2,4 millions d&rsquo;habitants, le plus petit de l&rsquo;Afrique continentale avec seulement 11300 km2.\u00a0<\/p>\n<p>\u00c0 la veille du scrutin,, tous les candidats retenus par la Commission \u00e9lectorale pour participer \u00e0 cette \u00e9lection pr\u00e9sidentielle ont sign\u00e9 un code de conduite en vue d&rsquo;une \u00e9lection pacifique, une premi\u00e8re dans le pays.\u00a0<\/p>\n<p>Par cet accord, tous les\u00a0candidats se sont engag\u00e9s \u00e0 pr\u00e9server l&rsquo;\u00e9lection de toute forme de menaces, d&rsquo;abus et violences, \u00e0 coop\u00e9rer avec la commission \u00e9lectorale ind\u00e9pendante, les forces de l&rsquo;ordre et les institutions.<\/p>\n<p>Cependant, le scrutin a fait l&rsquo;objet de vives critiques de la part de certains candidats, car il se d\u00e9roulait en un seul tour..<\/p>\n<p>Interrog\u00e9s le jour du vote par l&rsquo;agence de presse en ligne mauritanienne Sahara Media, nombre de Gambiens s&rsquo;accordent sur le climat de libert\u00e9 et de paix qui pr\u00e9vaut dans le pays, mais d\u00e9noncent les conditions de vie difficiles, aggrav\u00e9es par les effets de la pand\u00e9mie de Covid19 sur l&rsquo;\u00e9conomie gambienne qui d\u00e9pend fortement du secteur du tourisme.<\/p>\n<p>Juste avant la fin de la campagne \u00e9lectorale, le Comit\u00e9 national charg\u00e9 d&rsquo;enqu\u00eater sur les \u00ab crimes du r\u00e9gime de Yahya Jammeh \u00bb a remis son rapport au pr\u00e9sident Adama Barrow, qui a cherch\u00e9 \u00e0 conclure une alliance avec le parti de \u00ab l&rsquo;Alliance Patriotique pour la R\u00e9orientation et la Reconstruction \u00bb, l&rsquo;ancienne formation politique de l&rsquo;ex- pr\u00e9sident, Yahya Jammeh.<\/p>\n<p>De nombreux Gambiens, bien qu&rsquo;ils consid\u00e8rent que la justice rendue aux victimes du r\u00e9gime de Yahya Jammeh est essentielle, aspirent, toutefois, \u00e0 ce que cette \u00e9lection soit le pr\u00e9lude pour une am\u00e9lioration de leur condition de vie en vue de sortir le pays de la pauvret\u00e9. Selon les les chiffres de la Banque mondiale, le taux de croissance en Gambie en 2020 est de 0%, soit l&rsquo;un des plus faibles en Afrique de l&rsquo;Ouest.<\/p>\n<p>Cet article <a rel=\"nofollow\" href=\"https:\/\/www.journalducameroun.com\/gambie-vers-un-second-mandat-pour-adama-barrow\/\">Gambie: Vers un second mandat pour Adama Barrow<\/a> est apparu en premier sur <a rel=\"nofollow\" href=\"https:\/\/www.journalducameroun.com\/\">Journal du Cameroun<\/a>.<\/p>\n<\/div>\n<p>Auteur: APA News<br \/>\n<a href=\"https:\/\/www.journalducameroun.com\/gambie-vers-un-second-mandat-pour-adama-barrow\/\">Cliquez ici pour lire l&rsquo;article depuis sa source.<\/a><\/p>\n","protected":false},"excerpt":{"rendered":"<p>C&rsquo;est la premi\u00e8re pr\u00e9sidentielle depuis la fin du r\u00e8gne de Yahya Jammeh, qui a gouvern\u00e9 le pays d&rsquo;une main de fer pendant plus de vingt ans.En Afrique, un pr\u00e9sident sortant qui postule pour un second mandat est rarement battu. En Gambie o\u00f9 Adama Barrow sollicitait samedi les voix de ses compatriotes pour se faire reconduire [&hellip;]<\/p>\n","protected":false},"author":1965,"featured_media":0,"comment_status":"closed","ping_status":"closed","sticky":false,"template":"","format":"standard","meta":{"fifu_image_url":"https:\/\/www.journalducameroun.com\/wp-content\/uploads\/2021\/12\/16387210812854.jpg","fifu_image_alt":"Gambie: Vers un second mandat pour Adama Barrow","footnotes":""},"categories":[73,82],"tags":[],"class_list":["post-134964","post","type-post","status-publish","format-standard","hentry","category-actualite","category-cameroun"],"_links":{"self":[{"href":"https:\/\/linitiative.ca\/International\/wp-json\/wp\/v2\/posts\/134964","targetHints":{"allow":["GET"]}}],"collection":[{"href":"https:\/\/linitiative.ca\/International\/wp-json\/wp\/v2\/posts"}],"about":[{"href":"https:\/\/linitiative.ca\/International\/wp-json\/wp\/v2\/types\/post"}],"author":[{"embeddable":true,"href":"https:\/\/linitiative.ca\/International\/wp-json\/wp\/v2\/users\/1965"}],"replies":[{"embeddable":true,"href":"https:\/\/linitiative.ca\/International\/wp-json\/wp\/v2\/comments?post=134964"}],"version-history":[{"count":0,"href":"https:\/\/linitiative.ca\/International\/wp-json\/wp\/v2\/posts\/134964\/revisions"}],"wp:attachment":[{"href":"https:\/\/linitiative.ca\/International\/wp-json\/wp\/v2\/media?parent=134964"}],"wp:term":[{"taxonomy":"category","embeddable":true,"href":"https:\/\/linitiative.ca\/International\/wp-json\/wp\/v2\/categories?post=134964"},{"taxonomy":"post_tag","embeddable":true,"href":"https:\/\/linitiative.ca\/International\/wp-json\/wp\/v2\/tags?post=134964"}],"curies":[{"name":"wp","href":"https:\/\/api.w.org\/{rel}","templated":true}]}}