{"id":134986,"date":"2021-12-05T15:23:44","date_gmt":"2021-12-05T20:23:44","guid":{"rendered":"https:\/\/linitiative.ca\/International\/le-1er-joumada-i-de-lan-1443-de-lhegire-correspondra-au-lundi-06-decembre\/"},"modified":"2021-12-05T15:23:44","modified_gmt":"2021-12-05T20:23:44","slug":"le-1er-joumada-i-de-lan-1443-de-lhegire-correspondra-au-lundi-06-decembre","status":"publish","type":"post","link":"https:\/\/linitiative.ca\/International\/le-1er-joumada-i-de-lan-1443-de-lhegire-correspondra-au-lundi-06-decembre\/","title":{"rendered":"Le 1er Joumada I de l\u2019an 1443 de l\u2019H\u00e9gire correspondra au lundi 06 d\u00e9cembre"},"content":{"rendered":"<div>\n<div style=\"margin-bottom:20px;\"><img loading=\"lazy\" decoding=\"async\" width=\"750\" height=\"430\" src=\"https:\/\/linitiative.ca\/International\/wp-content\/uploads\/sites\/23\/2021\/12\/ministere-des-habous-750x430-DR.jpg\" class=\"attachment-post-thumbnail size-post-thumbnail wp-post-image\" alt=\"\" srcset=\"https:\/\/linitiative.ca\/International\/wp-content\/uploads\/sites\/23\/2021\/12\/ministere-des-habous-750x430-DR.jpg 750w, https:\/\/www.mapoujda.ma\/map\/uploads\/2021\/01\/ministere-des-habous-750x430-DR-300x172.jpg 300w\" sizes=\"auto, (max-width: 750px) 100vw, 750px\"><\/div>\n<p style=\"text-align: justify;\">Le 1er Joumada I de l\u2019an 1443 de l\u2019H\u00e9gire correspondra au lundi 06 d\u00e9cembre 2021, annonce dimanche le minist\u00e8re des Habous et des Affaires islamiques.<\/p>\n<p style=\"text-align: justify;\">Dans un communiqu\u00e9, le minist\u00e8re indique avoir observ\u00e9 le croissant lunaire annon\u00e7ant le d\u00e9but du mois de Joumada I apr\u00e8s la pri\u00e8re d\u2019Al Maghrib du dimanche 29 Rabia II 1443 de l\u2019H\u00e9gire, correspondant au 05 d\u00e9cembre 2021, notant que de ce fait le 1er Joumada I de l\u2019an 1443 correspond au lundi 06 d\u00e9cembre 2021.<\/p>\n<p style=\"text-align: justify;\">\u00ab\u00a0Puisse Dieu, en ce mois b\u00e9ni, combler Sa Majest\u00e9 le Roi Mohammed VI, Amir Al Mouminine, protecteur de la Nation et de la religion, que Dieu L\u2019assiste, de Sa b\u00e9n\u00e9diction, de Ses faveurs et de Ses bienfaits,\u00a0ainsi que SAR le Prince H\u00e9ritier Moulay El Hassan et l\u2019ensemble des membres de l\u2019illustre famille Royale, et pour le peuple marocain et l\u2019ensemble de la Oumma islamique dans le progr\u00e8s, la prosp\u00e9rit\u00e9, la paix et la qui\u00e9tude\u00a0\u00bb, conclut le minist\u00e8re.<\/p>\n<p>L\u2019article <a rel=\"nofollow\" href=\"https:\/\/www.mapoujda.ma\/fr\/le-1er-joumada-i-de-lan-1443-de-lhegire-correspondra-au-lundi-06-decembre\/\">Le 1er Joumada I de l\u2019an 1443 de l\u2019H\u00e9gire correspondra au lundi 06 d\u00e9cembre<\/a> est apparu en premier sur <a rel=\"nofollow\" href=\"https:\/\/www.mapoujda.ma\/fr\">MapOujda<\/a>.<\/p>\n<\/div>\n<p>Auteur: Soufiane ELAHMAR<br \/>\n<a href=\"https:\/\/www.mapoujda.ma\/fr\/le-1er-joumada-i-de-lan-1443-de-lhegire-correspondra-au-lundi-06-decembre\/\">Cliquez ici pour lire l&rsquo;article depuis sa source.<\/a><\/p>\n","protected":false},"excerpt":{"rendered":"<p>Le 1er Joumada I de l\u2019an 1443 de l\u2019H\u00e9gire correspondra au lundi 06 d\u00e9cembre 2021, annonce dimanche le minist\u00e8re des Habous et des Affaires islamiques. Dans un communiqu\u00e9, le minist\u00e8re indique avoir observ\u00e9 le croissant lunaire annon\u00e7ant le d\u00e9but du mois de Joumada I apr\u00e8s la pri\u00e8re d\u2019Al Maghrib du dimanche 29 Rabia II 1443 [&hellip;]<\/p>\n","protected":false},"author":1788,"featured_media":0,"comment_status":"closed","ping_status":"closed","sticky":false,"template":"","format":"standard","meta":{"fifu_image_url":"https:\/\/www.mapoujda.ma\/map\/uploads\/2021\/01\/ministere-des-habous-750x430-DR.jpg","fifu_image_alt":"Le 1er Joumada I de l\u2019an 1443 de l\u2019H\u00e9gire correspondra au lundi 06 d\u00e9cembre","footnotes":""},"categories":[54,76],"tags":[],"class_list":["post-134986","post","type-post","status-publish","format-standard","hentry","category-maroc","category-regions"],"_links":{"self":[{"href":"https:\/\/linitiative.ca\/International\/wp-json\/wp\/v2\/posts\/134986","targetHints":{"allow":["GET"]}}],"collection":[{"href":"https:\/\/linitiative.ca\/International\/wp-json\/wp\/v2\/posts"}],"about":[{"href":"https:\/\/linitiative.ca\/International\/wp-json\/wp\/v2\/types\/post"}],"author":[{"embeddable":true,"href":"https:\/\/linitiative.ca\/International\/wp-json\/wp\/v2\/users\/1788"}],"replies":[{"embeddable":true,"href":"https:\/\/linitiative.ca\/International\/wp-json\/wp\/v2\/comments?post=134986"}],"version-history":[{"count":0,"href":"https:\/\/linitiative.ca\/International\/wp-json\/wp\/v2\/posts\/134986\/revisions"}],"wp:attachment":[{"href":"https:\/\/linitiative.ca\/International\/wp-json\/wp\/v2\/media?parent=134986"}],"wp:term":[{"taxonomy":"category","embeddable":true,"href":"https:\/\/linitiative.ca\/International\/wp-json\/wp\/v2\/categories?post=134986"},{"taxonomy":"post_tag","embeddable":true,"href":"https:\/\/linitiative.ca\/International\/wp-json\/wp\/v2\/tags?post=134986"}],"curies":[{"name":"wp","href":"https:\/\/api.w.org\/{rel}","templated":true}]}}