{"id":135043,"date":"2021-12-06T14:45:50","date_gmt":"2021-12-06T19:45:50","guid":{"rendered":"https:\/\/linitiative.ca\/International\/ouverture-du-proces-dopposants-beninois\/"},"modified":"2021-12-06T14:45:50","modified_gmt":"2021-12-06T19:45:50","slug":"ouverture-du-proces-dopposants-beninois","status":"publish","type":"post","link":"https:\/\/linitiative.ca\/International\/ouverture-du-proces-dopposants-beninois\/","title":{"rendered":"OUVERTURE DU PROCES D\u2019OPPOSANTS BENINOIS"},"content":{"rendered":"<div>\n<p><img decoding=\"async\" width=\"592\" height=\"296\" src=\"https:\/\/linitiative.ca\/International\/wp-content\/uploads\/sites\/23\/2021\/12\/PROCES.jpg\" class=\"attachment- size- wp-post-image\" alt=\"\" loading=\"lazy\" style=\"float:left; margin:0 15px 15px 0;\" srcset=\"https:\/\/linitiative.ca\/International\/wp-content\/uploads\/sites\/23\/2021\/12\/PROCES.jpg 592w, https:\/\/lepays.bf\/wp-content\/uploads\/2021\/12\/PROCES-300x150.jpg 300w\" sizes=\"auto, (max-width: 592px) 100vw, 592px\">Jo\u00ebl A\u00efvo et Reckya Madougou font l\u2019objet de poursuites devant la Cour de r\u00e9pression des infractions \u00e9conomiques et du terrorisme (CRIET). Le proc\u00e8s du premier, d\u00e9tenu depuis le 15 avril 2021, a d\u00e9but\u00e9 le 6 d\u00e9cembre \u00e0 Cotonou. Celui de Reckya Madougou est pr\u00e9vu pour le 10 d\u00e9cembre. La CRIET a \u00e9t\u00e9 mise en place \u2026<\/p>\n<p>L\u2019article <a rel=\"nofollow\" href=\"https:\/\/lepays.bf\/ouverture-du-proces-dopposants-beninois\/\">OUVERTURE DU PROCES D\u2019OPPOSANTS BENINOIS<\/a> est apparu en premier sur <a rel=\"nofollow\" href=\"https:\/\/lepays.bf\/\">Editions Le Pays<\/a>.<\/p>\n<\/div>\n<p>Auteur: Editions LEPAYS<br \/>\n<a href=\"https:\/\/lepays.bf\/ouverture-du-proces-dopposants-beninois\/\">Cliquez ici pour lire l&rsquo;article depuis sa source.<\/a><\/p>\n","protected":false},"excerpt":{"rendered":"<p>Jo\u00ebl A\u00efvo et Reckya Madougou font l\u2019objet de poursuites devant la Cour de r\u00e9pression des infractions \u00e9conomiques et du terrorisme (CRIET). Le proc\u00e8s du premier, d\u00e9tenu depuis le 15 avril 2021, a d\u00e9but\u00e9 le 6 d\u00e9cembre \u00e0 Cotonou. Celui de Reckya Madougou est pr\u00e9vu pour le 10 d\u00e9cembre. La CRIET a \u00e9t\u00e9 mise en place [&hellip;]<\/p>\n","protected":false},"author":1813,"featured_media":0,"comment_status":"closed","ping_status":"closed","sticky":false,"template":"","format":"standard","meta":{"fifu_image_url":"https:\/\/lepays.bf\/wp-content\/uploads\/2021\/12\/PROCES.jpg","fifu_image_alt":"OUVERTURE DU PROCES D\u2019OPPOSANTS BENINOIS","footnotes":""},"categories":[73,81],"tags":[],"class_list":["post-135043","post","type-post","status-publish","format-standard","hentry","category-actualite","category-burkina-faso"],"_links":{"self":[{"href":"https:\/\/linitiative.ca\/International\/wp-json\/wp\/v2\/posts\/135043","targetHints":{"allow":["GET"]}}],"collection":[{"href":"https:\/\/linitiative.ca\/International\/wp-json\/wp\/v2\/posts"}],"about":[{"href":"https:\/\/linitiative.ca\/International\/wp-json\/wp\/v2\/types\/post"}],"author":[{"embeddable":true,"href":"https:\/\/linitiative.ca\/International\/wp-json\/wp\/v2\/users\/1813"}],"replies":[{"embeddable":true,"href":"https:\/\/linitiative.ca\/International\/wp-json\/wp\/v2\/comments?post=135043"}],"version-history":[{"count":0,"href":"https:\/\/linitiative.ca\/International\/wp-json\/wp\/v2\/posts\/135043\/revisions"}],"wp:attachment":[{"href":"https:\/\/linitiative.ca\/International\/wp-json\/wp\/v2\/media?parent=135043"}],"wp:term":[{"taxonomy":"category","embeddable":true,"href":"https:\/\/linitiative.ca\/International\/wp-json\/wp\/v2\/categories?post=135043"},{"taxonomy":"post_tag","embeddable":true,"href":"https:\/\/linitiative.ca\/International\/wp-json\/wp\/v2\/tags?post=135043"}],"curies":[{"name":"wp","href":"https:\/\/api.w.org\/{rel}","templated":true}]}}