{"id":135071,"date":"2021-12-07T08:45:06","date_gmt":"2021-12-07T13:45:06","guid":{"rendered":"https:\/\/linitiative.ca\/International\/covid-19-stabilite-des-indicateurs-au-maroc-entre-en-phase-transitoire-selon-le-ministere\/"},"modified":"2021-12-07T08:45:06","modified_gmt":"2021-12-07T13:45:06","slug":"covid-19-stabilite-des-indicateurs-au-maroc-entre-en-phase-transitoire-selon-le-ministere","status":"publish","type":"post","link":"https:\/\/linitiative.ca\/International\/covid-19-stabilite-des-indicateurs-au-maroc-entre-en-phase-transitoire-selon-le-ministere\/","title":{"rendered":"Covid-19: Stabilit\u00e9 des indicateurs au Maroc entr\u00e9 en phase transitoire, selon le minist\u00e8re"},"content":{"rendered":"<div>\n<p><img loading=\"lazy\" decoding=\"async\" width=\"300\" height=\"153\" src=\"https:\/\/linitiative.ca\/International\/wp-content\/uploads\/sites\/23\/2021\/12\/Mouad-Mrabet-4C3A8me-bilan-hebdomadaire-de-covid-19-300x153-1.jpg\" class=\"attachment-medium size-medium wp-post-image\" alt=\"\" srcset=\"https:\/\/linitiative.ca\/International\/wp-content\/uploads\/sites\/23\/2021\/12\/Mouad-Mrabet-4C3A8me-bilan-hebdomadaire-de-covid-19-300x153-1.jpg 300w, https:\/\/aujourdhui.ma\/wp-content\/uploads\/2020\/08\/Mouad-Mrabet-4\u00e8me-bilan-hebdomadaire-de-covid-19--274x140.jpg 274w, https:\/\/aujourdhui.ma\/wp-content\/uploads\/2020\/08\/Mouad-Mrabet-4\u00e8me-bilan-hebdomadaire-de-covid-19-.jpg 746w, https:\/\/aujourdhui.ma\/wp-content\/uploads\/2020\/08\/Mouad-Mrabet-4\u00e8me-bilan-hebdomadaire-de-covid-19--165x84.jpg 165w, https:\/\/aujourdhui.ma\/wp-content\/uploads\/2020\/08\/Mouad-Mrabet-4\u00e8me-bilan-hebdomadaire-de-covid-19--702x358.jpg 702w\" sizes=\"auto, (max-width: 300px) 100vw, 300px\"><\/p>\n<p><span style=\"font-size: 20px; color: #800000;\"><strong>Les indicateurs \u00e9pid\u00e9miques de la Covid-19 sont rest\u00e9s stables au Maroc durant les deux derni\u00e8res semaines (23 novembre\/06 d\u00e9cembre), confirmant la faible transmission du virus dans le pays, a indiqu\u00e9 mardi le minist\u00e8re de la Sant\u00e9 et de la protection sociale.<\/strong><\/span><span id=\"more-394468\"><\/span><\/p>\n<p>Le Royaume se trouve dans une phase transitoire qui offre le moment opportun pour acc\u00e9l\u00e9rer la vaccination, en plein rebond \u00e9pid\u00e9mique dans plusieurs pays dans un contexte marqu\u00e9 par l\u2019apparition du variant Omicron, a expliqu\u00e9 le coordonnateur du Centre national des op\u00e9rations d\u2019urgence de sant\u00e9 publique du minist\u00e8re, Mouad Mrabet, lors de la pr\u00e9sentation du bilan bimensuel de la situation au Maroc.<br \/>\nLes nouvelles contaminations ont connu une quasi-stagnation au cours de la semaine pass\u00e9e avec 859 cas, soit seulement 50 de plus que la septaine d\u2019avant, au moment o\u00f9 le taux de positivit\u00e9 est demeur\u00e9 aux alentours de 1%, a d\u00e9taill\u00e9 le responsable gouvernemental.<\/p>\n<p>Le m\u00eame constat est dress\u00e9 pour les entr\u00e9es en r\u00e9animation et soins intensifs, avec une moyenne de 104 cas s\u00e9v\u00e8res et critiques durant les trois derni\u00e8res semaines sur le territoire national, de m\u00eame que pour le nombre de d\u00e9c\u00e8s situ\u00e9s \u00e0 14 cas au cours de la semaine pass\u00e9e, contre 15 pour la semaine d\u2019avant.<\/p>\n<p>\u00a0<\/p>\n<p><iframe loading=\"lazy\" style=\"border: none; overflow: hidden;\" src=\"https:\/\/www.facebook.com\/plugins\/video.php?height=314&amp;href=https%3A%2F%2Fwww.facebook.com%2Faujourdhui.ma%2Fvideos%2F939163260314896%2F&amp;show_text=false&amp;width=560&amp;t=0\" width=\"560\" height=\"314\" frameborder=\"0\" scrolling=\"no\" allowfullscreen=\"allowfullscreen\"><\/iframe><\/p>\n<p>Le taux de reproduction s\u2019est situ\u00e9 aux alentours de 1,04, d\u00e9montrant que la courbe \u00e9pid\u00e9mique persiste dans une phase de plateau d\u00e9croissant, ajoute-t-on de m\u00eame source.<br \/>\n\u00c9voquant la campagne nationale de vaccination, M. Mrabet a indiqu\u00e9 que le taux des primo-vaccin\u00e9s s\u2019\u00e9l\u00e8ve \u00e0 67% de la population cible, tandis que les personnes ayant re\u00e7u deux doses sont de l\u2019ordre de 62,3% et 5% pour le booster (3\u00e8me dose).<br \/>\nLa moyenne de la validit\u00e9 de la 2\u00e8me dose n\u2019est que de 26,3% d\u00e9sormais, ce qui fait que 74% environ des citoyens concern\u00e9s n\u2019ont encore re\u00e7u la 3\u00e8me dose, a-t-il estim\u00e9.<\/p>\n<p>Le responsable a r\u00e9it\u00e9r\u00e9 l\u2019appel des autorit\u00e9s sanitaires \u00e0 l\u2019ensemble des citoyens pour poursuivre le strict respect des mesures pr\u00e9ventives en vigueur, pr\u00e9server les pr\u00e9cieux acquis r\u00e9alis\u00e9s dans ce combat et adh\u00e9rer sans tarder et massivement \u00e0 la campagne nationale de vaccination, en particulier la 3\u00e8me dose.<\/p>\n<\/div>\n<p>Auteur: ALM<br \/>\n<a href=\"https:\/\/aujourdhui.ma\/societe\/covid-19-stabilite-des-indicateurs-au-maroc-entre-en-phase-transitoire-selon-le-ministere\">Cliquez ici pour lire l&rsquo;article depuis sa source.<\/a><\/p>\n","protected":false},"excerpt":{"rendered":"<p>Les indicateurs \u00e9pid\u00e9miques de la Covid-19 sont rest\u00e9s stables au Maroc durant les deux derni\u00e8res semaines (23 novembre\/06 d\u00e9cembre), confirmant la faible transmission du virus dans le pays, a indiqu\u00e9 mardi le minist\u00e8re de la Sant\u00e9 et de la protection sociale. Le Royaume se trouve dans une phase transitoire qui offre le moment opportun pour [&hellip;]<\/p>\n","protected":false},"author":1759,"featured_media":0,"comment_status":"closed","ping_status":"closed","sticky":false,"template":"","format":"standard","meta":{"fifu_image_url":"https:\/\/aujourdhui.ma\/wp-content\/uploads\/2020\/08\/Mouad-Mrabet-4\u00e8me-bilan-hebdomadaire-de-covid-19--300x153.jpg","fifu_image_alt":"Covid-19: Stabilit\u00e9 des indicateurs au Maroc entr\u00e9 en phase transitoire, selon le minist\u00e8re","footnotes":""},"categories":[73,54],"tags":[],"class_list":["post-135071","post","type-post","status-publish","format-standard","hentry","category-actualite","category-maroc"],"_links":{"self":[{"href":"https:\/\/linitiative.ca\/International\/wp-json\/wp\/v2\/posts\/135071","targetHints":{"allow":["GET"]}}],"collection":[{"href":"https:\/\/linitiative.ca\/International\/wp-json\/wp\/v2\/posts"}],"about":[{"href":"https:\/\/linitiative.ca\/International\/wp-json\/wp\/v2\/types\/post"}],"author":[{"embeddable":true,"href":"https:\/\/linitiative.ca\/International\/wp-json\/wp\/v2\/users\/1759"}],"replies":[{"embeddable":true,"href":"https:\/\/linitiative.ca\/International\/wp-json\/wp\/v2\/comments?post=135071"}],"version-history":[{"count":0,"href":"https:\/\/linitiative.ca\/International\/wp-json\/wp\/v2\/posts\/135071\/revisions"}],"wp:attachment":[{"href":"https:\/\/linitiative.ca\/International\/wp-json\/wp\/v2\/media?parent=135071"}],"wp:term":[{"taxonomy":"category","embeddable":true,"href":"https:\/\/linitiative.ca\/International\/wp-json\/wp\/v2\/categories?post=135071"},{"taxonomy":"post_tag","embeddable":true,"href":"https:\/\/linitiative.ca\/International\/wp-json\/wp\/v2\/tags?post=135071"}],"curies":[{"name":"wp","href":"https:\/\/api.w.org\/{rel}","templated":true}]}}