{"id":135089,"date":"2021-12-07T08:52:12","date_gmt":"2021-12-07T13:52:12","guid":{"rendered":"https:\/\/linitiative.ca\/International\/covid-19-stabilite-des-indicateurs-au-maroc-entre-en-phase-transitoire\/"},"modified":"2021-12-07T08:52:12","modified_gmt":"2021-12-07T13:52:12","slug":"covid-19-stabilite-des-indicateurs-au-maroc-entre-en-phase-transitoire","status":"publish","type":"post","link":"https:\/\/linitiative.ca\/International\/covid-19-stabilite-des-indicateurs-au-maroc-entre-en-phase-transitoire\/","title":{"rendered":"Covid-19: Stabilit\u00e9 des indicateurs au Maroc entr\u00e9 en phase transitoire"},"content":{"rendered":"<div>\n<div style=\"margin-bottom:20px;\"><img loading=\"lazy\" decoding=\"async\" width=\"750\" height=\"430\" src=\"https:\/\/linitiative.ca\/International\/wp-content\/uploads\/sites\/23\/2021\/12\/Mouad-Mrabet-copier.jpg\" class=\"attachment-post-thumbnail size-post-thumbnail wp-post-image\" alt=\"\" srcset=\"https:\/\/linitiative.ca\/International\/wp-content\/uploads\/sites\/23\/2021\/12\/Mouad-Mrabet-copier.jpg 750w, https:\/\/www.mapmarrakech.ma\/map\/uploads\/2021\/12\/Mouad-Mrabet-copier-300x172.jpg 300w\" sizes=\"auto, (max-width: 750px) 100vw, 750px\"><\/div>\n<p>Le Royaume se trouve dans une phase transitoire qui offre le moment opportun pour acc\u00e9l\u00e9rer la vaccination, en plein rebond \u00e9pid\u00e9mique dans plusieurs pays dans un contexte marqu\u00e9 par l\u2019apparition du variant Omicron, a expliqu\u00e9 le coordonnateur du Centre national des op\u00e9rations d\u2019urgence de sant\u00e9 publique du minist\u00e8re, Mouad Mrabet, lors de la pr\u00e9sentation du bilan bimensuel de la situation au Maroc.<\/p>\n<p>Les nouvelles contaminations ont connu une quasi-stagnation au cours de la semaine pass\u00e9e avec 859 cas, soit seulement 50 de plus que la septaine d\u2019avant, au moment o\u00f9 le taux de positivit\u00e9 est demeur\u00e9 aux alentours de 1%, a d\u00e9taill\u00e9 le responsable gouvernemental.<\/p>\n<p>Le m\u00eame constat est dress\u00e9 pour les entr\u00e9es en r\u00e9animation et soins intensifs, avec une moyenne de 104 cas s\u00e9v\u00e8res et critiques durant les trois derni\u00e8res semaines sur le territoire national, de m\u00eame que pour le nombre de d\u00e9c\u00e8s situ\u00e9s \u00e0 14 cas au cours de la semaine pass\u00e9e, contre 15 pour la semaine d\u2019avant.<\/p>\n<p>Le taux de reproduction s\u2019est situ\u00e9 aux alentours de 1,04, d\u00e9montrant que la courbe \u00e9pid\u00e9mique persiste dans une phase de plateau d\u00e9croissant, ajoute-t-on de m\u00eame source.<\/p>\n<p>\u00c9voquant la campagne nationale de vaccination, M. Mrabet a indiqu\u00e9 que le taux des primo-vaccin\u00e9s s\u2019\u00e9l\u00e8ve \u00e0 67% de la population cible, tandis que les personnes ayant re\u00e7u deux doses sont de l\u2019ordre de 62,3% et 5% pour le booster (3\u00e8me dose).<\/p>\n<p>La moyenne de la validit\u00e9 de la 2\u00e8me dose n\u2019est que de 26,3% d\u00e9sormais, ce qui fait que 74% environ des citoyens concern\u00e9s n\u2019ont encore re\u00e7u la 3\u00e8me dose, a-t-il estim\u00e9.<\/p>\n<p>Le responsable a r\u00e9it\u00e9r\u00e9 l\u2019appel des autorit\u00e9s sanitaires \u00e0 l\u2019ensemble des citoyens pour poursuivre le strict respect des mesures pr\u00e9ventives en vigueur, pr\u00e9server les pr\u00e9cieux acquis r\u00e9alis\u00e9s dans ce combat et adh\u00e9rer sans tarder et massivement \u00e0 la campagne nationale de vaccination, en particulier la 3\u00e8me dose.<\/p>\n<p>The post <a rel=\"nofollow\" href=\"https:\/\/www.mapmarrakech.ma\/fr\/covid-19-stabilite-des-indicateurs-au-maroc-entre-en-phase-transitoire\/\">Covid-19: Stabilit\u00e9 des indicateurs au Maroc entr\u00e9 en phase transitoire<\/a> appeared first on <a rel=\"nofollow\" href=\"https:\/\/www.mapmarrakech.ma\/fr\">MapMarrakech<\/a>.<\/p>\n<\/div>\n<p>Auteur: Meriem IGASS<br \/>\n<a href=\"https:\/\/www.mapmarrakech.ma\/fr\/covid-19-stabilite-des-indicateurs-au-maroc-entre-en-phase-transitoire\/\">Cliquez ici pour lire l&rsquo;article depuis sa source.<\/a><\/p>\n","protected":false},"excerpt":{"rendered":"<p>Le Royaume se trouve dans une phase transitoire qui offre le moment opportun pour acc\u00e9l\u00e9rer la vaccination, en plein rebond \u00e9pid\u00e9mique dans plusieurs pays dans un contexte marqu\u00e9 par l\u2019apparition du variant Omicron, a expliqu\u00e9 le coordonnateur du Centre national des op\u00e9rations d\u2019urgence de sant\u00e9 publique du minist\u00e8re, Mouad Mrabet, lors de la pr\u00e9sentation du [&hellip;]<\/p>\n","protected":false},"author":1788,"featured_media":0,"comment_status":"closed","ping_status":"closed","sticky":false,"template":"","format":"standard","meta":{"fifu_image_url":"https:\/\/www.mapmarrakech.ma\/map\/uploads\/2021\/12\/Mouad-Mrabet-copier.jpg","fifu_image_alt":"Covid-19: Stabilit\u00e9 des indicateurs au Maroc entr\u00e9 en phase transitoire","footnotes":""},"categories":[54,76],"tags":[],"class_list":["post-135089","post","type-post","status-publish","format-standard","hentry","category-maroc","category-regions"],"_links":{"self":[{"href":"https:\/\/linitiative.ca\/International\/wp-json\/wp\/v2\/posts\/135089","targetHints":{"allow":["GET"]}}],"collection":[{"href":"https:\/\/linitiative.ca\/International\/wp-json\/wp\/v2\/posts"}],"about":[{"href":"https:\/\/linitiative.ca\/International\/wp-json\/wp\/v2\/types\/post"}],"author":[{"embeddable":true,"href":"https:\/\/linitiative.ca\/International\/wp-json\/wp\/v2\/users\/1788"}],"replies":[{"embeddable":true,"href":"https:\/\/linitiative.ca\/International\/wp-json\/wp\/v2\/comments?post=135089"}],"version-history":[{"count":0,"href":"https:\/\/linitiative.ca\/International\/wp-json\/wp\/v2\/posts\/135089\/revisions"}],"wp:attachment":[{"href":"https:\/\/linitiative.ca\/International\/wp-json\/wp\/v2\/media?parent=135089"}],"wp:term":[{"taxonomy":"category","embeddable":true,"href":"https:\/\/linitiative.ca\/International\/wp-json\/wp\/v2\/categories?post=135089"},{"taxonomy":"post_tag","embeddable":true,"href":"https:\/\/linitiative.ca\/International\/wp-json\/wp\/v2\/tags?post=135089"}],"curies":[{"name":"wp","href":"https:\/\/api.w.org\/{rel}","templated":true}]}}