{"id":135124,"date":"2021-12-07T10:04:00","date_gmt":"2021-12-07T15:04:00","guid":{"rendered":"https:\/\/linitiative.ca\/International\/vague-de-froid-un-elan-solidaire-au-profit-des-eleves-de-rmila-oued-ghrib-fernana\/"},"modified":"2021-12-07T10:04:00","modified_gmt":"2021-12-07T15:04:00","slug":"vague-de-froid-un-elan-solidaire-au-profit-des-eleves-de-rmila-oued-ghrib-fernana","status":"publish","type":"post","link":"https:\/\/linitiative.ca\/International\/vague-de-froid-un-elan-solidaire-au-profit-des-eleves-de-rmila-oued-ghrib-fernana\/","title":{"rendered":"Vague de froid: Un \u00e9lan solidaire au profit des \u00e9l\u00e8ves de Rmila Oued Ghrib \u2013 Fernana"},"content":{"rendered":"<div><img decoding=\"async\" src=\"https:\/\/linitiative.ca\/International\/wp-content\/uploads\/sites\/23\/2021\/12\/1638886200_article.jpg\" alt=\"Vague de froid: Un \u00e9lan solidaire au profit des \u00e9l\u00e8ves de Rmila Oued Ghrib \u2013 Fernana\" align=\"left\">La vague de froid particuli\u00e8rement s\u00e9v\u00e8re qui s\u00e9vit actuellement dans certaines r\u00e9gions du pays n\u2019a pas laiss\u00e9 insensible certaines bonnes volont\u00e9s.<br \/>\nTel fut le cas du syndicat de base de l&rsquo;Union Internationale de Banques (UIB) ainsi que des Fondations de la banque \u00ab Fondation Solidarit\u00e9 &amp; Innovation by UIB \u00bb, \u00ab Fondation Arts &amp; Culture by UIB \u00bb et \u00ab F\u00e9minin by UIB \u00bb qui ont pris l&rsquo;initiative de venir en soutien aux 335 \u00e9l\u00e8ves de l\u2019\u00e9cole primaire de RMILA Oued Ghrib \u2013 Fernana (gouvernorat de Jendouba). Un \u00e9lan solidaire qui vient \u00e0 point nomm\u00e9, au moment o\u00f9 de jeunes \u00e9coliers se trouvent d\u00e9pourvus de moyens pour faire face \u00e0 la rudesse de la saison &#8230;<\/p>\n<\/div>\n<p>Auteur:<br \/>\n<a href=\"https:\/\/www.leaders.com.tn\/article\/32733-vague-de-froid-un-elan-solidaire-au-profit-des-eleves-de-rmila-oued-ghrib-fernana\">Cliquez ici pour lire l&rsquo;article depuis sa source.<\/a><\/p>\n","protected":false},"excerpt":{"rendered":"<p>La vague de froid particuli\u00e8rement s\u00e9v\u00e8re qui s\u00e9vit actuellement dans certaines r\u00e9gions du pays n\u2019a pas laiss\u00e9 insensible certaines bonnes volont\u00e9s. Tel fut le cas du syndicat de base de l&rsquo;Union Internationale de Banques (UIB) ainsi que des Fondations de la banque \u00ab Fondation Solidarit\u00e9 &amp; Innovation by UIB \u00bb, \u00ab Fondation Arts &amp; Culture [&hellip;]<\/p>\n","protected":false},"author":1772,"featured_media":0,"comment_status":"closed","ping_status":"closed","sticky":false,"template":"","format":"standard","meta":{"fifu_image_url":"http:\/\/www.leaders.com.tn\/uploads\/content\/thumbnails_small\/1638886200_article.jpg","fifu_image_alt":"Vague de froid: Un \u00e9lan solidaire au profit des \u00e9l\u00e8ves de Rmila Oued Ghrib \u2013 Fernana","footnotes":""},"categories":[73,55],"tags":[],"class_list":["post-135124","post","type-post","status-publish","format-standard","hentry","category-actualite","category-tunisie"],"_links":{"self":[{"href":"https:\/\/linitiative.ca\/International\/wp-json\/wp\/v2\/posts\/135124","targetHints":{"allow":["GET"]}}],"collection":[{"href":"https:\/\/linitiative.ca\/International\/wp-json\/wp\/v2\/posts"}],"about":[{"href":"https:\/\/linitiative.ca\/International\/wp-json\/wp\/v2\/types\/post"}],"author":[{"embeddable":true,"href":"https:\/\/linitiative.ca\/International\/wp-json\/wp\/v2\/users\/1772"}],"replies":[{"embeddable":true,"href":"https:\/\/linitiative.ca\/International\/wp-json\/wp\/v2\/comments?post=135124"}],"version-history":[{"count":0,"href":"https:\/\/linitiative.ca\/International\/wp-json\/wp\/v2\/posts\/135124\/revisions"}],"wp:attachment":[{"href":"https:\/\/linitiative.ca\/International\/wp-json\/wp\/v2\/media?parent=135124"}],"wp:term":[{"taxonomy":"category","embeddable":true,"href":"https:\/\/linitiative.ca\/International\/wp-json\/wp\/v2\/categories?post=135124"},{"taxonomy":"post_tag","embeddable":true,"href":"https:\/\/linitiative.ca\/International\/wp-json\/wp\/v2\/tags?post=135124"}],"curies":[{"name":"wp","href":"https:\/\/api.w.org\/{rel}","templated":true}]}}