{"id":135186,"date":"2021-12-08T09:11:13","date_gmt":"2021-12-08T14:11:13","guid":{"rendered":"https:\/\/linitiative.ca\/International\/recrutement-des-cadres-des-arefs-formation-au-profit-des-candidats\/"},"modified":"2021-12-08T09:11:13","modified_gmt":"2021-12-08T14:11:13","slug":"recrutement-des-cadres-des-arefs-formation-au-profit-des-candidats","status":"publish","type":"post","link":"https:\/\/linitiative.ca\/International\/recrutement-des-cadres-des-arefs-formation-au-profit-des-candidats\/","title":{"rendered":"Recrutement des cadres des AREFs: Formation au profit des candidats"},"content":{"rendered":"<div>\n<div style=\"margin-bottom:20px;\"><img loading=\"lazy\" decoding=\"async\" width=\"750\" height=\"430\" src=\"https:\/\/linitiative.ca\/International\/wp-content\/uploads\/sites\/23\/2021\/12\/direction-provinciale-de-rehamna-eductaion-copier.jpg\" class=\"attachment-post-thumbnail size-post-thumbnail wp-post-image\" alt=\"\" srcset=\"https:\/\/linitiative.ca\/International\/wp-content\/uploads\/sites\/23\/2021\/12\/direction-provinciale-de-rehamna-eductaion-copier.jpg 750w, https:\/\/www.mapmarrakech.ma\/map\/uploads\/2021\/12\/direction-provinciale-de-rehamna-eductaion-copier-300x172.jpg 300w\" sizes=\"auto, (max-width: 750px) 100vw, 750px\"><\/div>\n<p>Organis\u00e9 par l\u2019Association Rehamna pour l\u2019\u00c9ducation, la Formation P\u00e9dagogique et les \u0152uvres Sociales, en partenariat avec la Direction provinciale de l\u2019\u00c9ducation nationale, du Pr\u00e9scolaire et des Sports de Rehamna et le Conseil municipal de la ville de Bengu\u00e9rir, cette session s\u2019inscrit dans le cadre de la pr\u00e9paration au concours de recrutement des cadres des Acad\u00e9mies r\u00e9gionales de l\u2019\u00e9ducation et de la formation, qui aura lieu courant ce mois.<\/p>\n<p>Lors de cette session de formation, les candidats b\u00e9n\u00e9ficiaires ont pris part \u00e0 des ateliers p\u00e9dagogiques, ainsi qu\u2019\u00e0 une simulation d\u2019un entretien oral afin de renforcer leurs capacit\u00e9s, tout en se dotant des connaissances pratiques et th\u00e9oriques requises, en ce qui concerne la m\u00e9thodologie du concours de recrutement des cadres des AREFs.<\/p>\n<p>Cette formation, anim\u00e9e par des inspecteurs p\u00e9dagogiques et des professeurs, s\u2019est articul\u00e9e autour de plusieurs th\u00e8mes, notamment l\u2019introduction g\u00e9n\u00e9rale \u00e0 la didactique de la langue fran\u00e7aise, l\u2019introduction g\u00e9n\u00e9rale \u00e0 la didactique des math\u00e9matiques et des sciences, l\u2019introduction g\u00e9n\u00e9rale \u00e0 la didactique de la langue arabe et la m\u00e9thodologie d\u2019une \u00e9tude d\u2019un cas professionnel (cas p\u00e9dagogique) et du langage corporel.<\/p>\n<p>A l\u2019issue de cette session de formation, des certificats ont \u00e9t\u00e9 remis aux participants, qui, par la m\u00eame occasion, ont lou\u00e9 les efforts consentis par les associations porteuses de projets ambitieux \u00e0 m\u00eame de contribuer \u00e0 r\u00e9aliser le d\u00e9veloppement escompt\u00e9, dont le secteur de l\u2019\u00e9ducation et de la formation demeure le socle.<\/p>\n<p>The post <a rel=\"nofollow\" href=\"https:\/\/www.mapmarrakech.ma\/fr\/recrutement-des-cadres-des-arefs-formation-au-profit-des-candidats\/\">Recrutement des cadres des AREFs: Formation au profit des candidats<\/a> appeared first on <a rel=\"nofollow\" href=\"https:\/\/www.mapmarrakech.ma\/fr\">MapMarrakech<\/a>.<\/p>\n<\/div>\n<p>Auteur: Meriem IGASS<br \/>\n<a href=\"https:\/\/www.mapmarrakech.ma\/fr\/recrutement-des-cadres-des-arefs-formation-au-profit-des-candidats\/\">Cliquez ici pour lire l&rsquo;article depuis sa source.<\/a><\/p>\n","protected":false},"excerpt":{"rendered":"<p>Organis\u00e9 par l\u2019Association Rehamna pour l\u2019\u00c9ducation, la Formation P\u00e9dagogique et les \u0152uvres Sociales, en partenariat avec la Direction provinciale de l\u2019\u00c9ducation nationale, du Pr\u00e9scolaire et des Sports de Rehamna et le Conseil municipal de la ville de Bengu\u00e9rir, cette session s\u2019inscrit dans le cadre de la pr\u00e9paration au concours de recrutement des cadres des Acad\u00e9mies [&hellip;]<\/p>\n","protected":false},"author":1788,"featured_media":0,"comment_status":"closed","ping_status":"closed","sticky":false,"template":"","format":"standard","meta":{"fifu_image_url":"https:\/\/www.mapmarrakech.ma\/map\/uploads\/2021\/12\/direction-provinciale-de-rehamna-eductaion-copier.jpg","fifu_image_alt":"Recrutement des cadres des AREFs: Formation au profit des candidats","footnotes":""},"categories":[54,76],"tags":[],"class_list":["post-135186","post","type-post","status-publish","format-standard","hentry","category-maroc","category-regions"],"_links":{"self":[{"href":"https:\/\/linitiative.ca\/International\/wp-json\/wp\/v2\/posts\/135186","targetHints":{"allow":["GET"]}}],"collection":[{"href":"https:\/\/linitiative.ca\/International\/wp-json\/wp\/v2\/posts"}],"about":[{"href":"https:\/\/linitiative.ca\/International\/wp-json\/wp\/v2\/types\/post"}],"author":[{"embeddable":true,"href":"https:\/\/linitiative.ca\/International\/wp-json\/wp\/v2\/users\/1788"}],"replies":[{"embeddable":true,"href":"https:\/\/linitiative.ca\/International\/wp-json\/wp\/v2\/comments?post=135186"}],"version-history":[{"count":0,"href":"https:\/\/linitiative.ca\/International\/wp-json\/wp\/v2\/posts\/135186\/revisions"}],"wp:attachment":[{"href":"https:\/\/linitiative.ca\/International\/wp-json\/wp\/v2\/media?parent=135186"}],"wp:term":[{"taxonomy":"category","embeddable":true,"href":"https:\/\/linitiative.ca\/International\/wp-json\/wp\/v2\/categories?post=135186"},{"taxonomy":"post_tag","embeddable":true,"href":"https:\/\/linitiative.ca\/International\/wp-json\/wp\/v2\/tags?post=135186"}],"curies":[{"name":"wp","href":"https:\/\/api.w.org\/{rel}","templated":true}]}}