{"id":135188,"date":"2021-12-08T11:47:39","date_gmt":"2021-12-08T16:47:39","guid":{"rendered":"https:\/\/linitiative.ca\/International\/covid-19-145-nouveaux-cas-plus-de-24-millions-primo-vaccines\/"},"modified":"2021-12-08T11:47:39","modified_gmt":"2021-12-08T16:47:39","slug":"covid-19-145-nouveaux-cas-plus-de-24-millions-primo-vaccines","status":"publish","type":"post","link":"https:\/\/linitiative.ca\/International\/covid-19-145-nouveaux-cas-plus-de-24-millions-primo-vaccines\/","title":{"rendered":"Covid-19: 145 nouveaux cas, plus de 24 millions primo-vaccin\u00e9s"},"content":{"rendered":"<div>\n<div style=\"margin-bottom:20px;\"><img loading=\"lazy\" decoding=\"async\" width=\"750\" height=\"430\" src=\"https:\/\/linitiative.ca\/International\/wp-content\/uploads\/sites\/23\/2021\/12\/cov-ar-4.jpg\" class=\"attachment-post-thumbnail size-post-thumbnail wp-post-image\" alt=\"\" srcset=\"https:\/\/linitiative.ca\/International\/wp-content\/uploads\/sites\/23\/2021\/12\/cov-ar-4.jpg 750w, https:\/\/www.mapmarrakech.ma\/map\/uploads\/2021\/12\/cov-ar-4-300x172.jpg 300w\" sizes=\"auto, (max-width: 750px) 100vw, 750px\"><\/div>\n<p>Dans son bulletin quotidien sur la situation \u00e9pid\u00e9mique, le minist\u00e8re a relev\u00e9 que le nombre de primo-vaccin\u00e9s a atteint 24.449.866, celui des personnes ayant re\u00e7u deux doses s\u2019\u00e9l\u00e8ve \u00e0 22.746.994, alors que 1.896.565 personnes ont eu trois doses.<\/p>\n<p>Le nouveau bilan porte \u00e0 950.946 le nombre total des contaminations depuis le premier cas signal\u00e9 au Maroc en mars 2020, tandis que le nombre des personnes r\u00e9tablies est pass\u00e9 \u00e0 933.658, soit un taux de gu\u00e9rison de 98.2%.<\/p>\n<p>Les nouveaux cas d\u2019infection ont \u00e9t\u00e9 enregistr\u00e9s dans les r\u00e9gions de Casablanca-Settat (76), Rabat-Sal\u00e9-K\u00e9nitra (38), Marrakech-Safi (8), Souss -Massa (7), B\u00e9ni Mellal- Kh\u00e9nifra (4), Tanger-T\u00e9touan-Al Hoceima (4), F\u00e8s-Mekn\u00e8s (4), l\u2019Oriental (2), Dakhla -Oued Eddahab (1) et Dra\u00e2-Tafilalet (1).<\/p>\n<p>Les cas actifs sont au nombre de 2.496, alors que les malades s\u00e9v\u00e8res ou critiques pris en charge sont de l\u2019ordre de 104 cas, dont 6 plac\u00e9s sous intubation.<\/p>\n<p>The post <a rel=\"nofollow\" href=\"https:\/\/www.mapmarrakech.ma\/fr\/covid-19-145-nouveaux-cas-plus-de-24-millions-primo-vaccines\/\">Covid-19: 145 nouveaux cas, plus de 24 millions primo-vaccin\u00e9s<\/a> appeared first on <a rel=\"nofollow\" href=\"https:\/\/www.mapmarrakech.ma\/fr\">MapMarrakech<\/a>.<\/p>\n<\/div>\n<p>Auteur: Meriem IGASS<br \/>\n<a href=\"https:\/\/www.mapmarrakech.ma\/fr\/covid-19-145-nouveaux-cas-plus-de-24-millions-primo-vaccines\/\">Cliquez ici pour lire l&rsquo;article depuis sa source.<\/a><\/p>\n","protected":false},"excerpt":{"rendered":"<p>Dans son bulletin quotidien sur la situation \u00e9pid\u00e9mique, le minist\u00e8re a relev\u00e9 que le nombre de primo-vaccin\u00e9s a atteint 24.449.866, celui des personnes ayant re\u00e7u deux doses s\u2019\u00e9l\u00e8ve \u00e0 22.746.994, alors que 1.896.565 personnes ont eu trois doses. Le nouveau bilan porte \u00e0 950.946 le nombre total des contaminations depuis le premier cas signal\u00e9 au [&hellip;]<\/p>\n","protected":false},"author":1788,"featured_media":0,"comment_status":"closed","ping_status":"closed","sticky":false,"template":"","format":"standard","meta":{"fifu_image_url":"https:\/\/www.mapmarrakech.ma\/map\/uploads\/2021\/12\/cov-ar-4.jpg","fifu_image_alt":"Covid-19: 145 nouveaux cas, plus de 24 millions primo-vaccin\u00e9s","footnotes":""},"categories":[54,76],"tags":[],"class_list":["post-135188","post","type-post","status-publish","format-standard","hentry","category-maroc","category-regions"],"_links":{"self":[{"href":"https:\/\/linitiative.ca\/International\/wp-json\/wp\/v2\/posts\/135188","targetHints":{"allow":["GET"]}}],"collection":[{"href":"https:\/\/linitiative.ca\/International\/wp-json\/wp\/v2\/posts"}],"about":[{"href":"https:\/\/linitiative.ca\/International\/wp-json\/wp\/v2\/types\/post"}],"author":[{"embeddable":true,"href":"https:\/\/linitiative.ca\/International\/wp-json\/wp\/v2\/users\/1788"}],"replies":[{"embeddable":true,"href":"https:\/\/linitiative.ca\/International\/wp-json\/wp\/v2\/comments?post=135188"}],"version-history":[{"count":0,"href":"https:\/\/linitiative.ca\/International\/wp-json\/wp\/v2\/posts\/135188\/revisions"}],"wp:attachment":[{"href":"https:\/\/linitiative.ca\/International\/wp-json\/wp\/v2\/media?parent=135188"}],"wp:term":[{"taxonomy":"category","embeddable":true,"href":"https:\/\/linitiative.ca\/International\/wp-json\/wp\/v2\/categories?post=135188"},{"taxonomy":"post_tag","embeddable":true,"href":"https:\/\/linitiative.ca\/International\/wp-json\/wp\/v2\/tags?post=135188"}],"curies":[{"name":"wp","href":"https:\/\/api.w.org\/{rel}","templated":true}]}}