{"id":135233,"date":"2021-12-08T16:25:30","date_gmt":"2021-12-08T21:25:30","guid":{"rendered":"https:\/\/linitiative.ca\/International\/tunisie-kais-saied-mis-sous-pression-par-les-siens-va-etre-oblige-de-faire-des-declarations-fracassantes-ce-17-decembre\/"},"modified":"2021-12-08T16:25:30","modified_gmt":"2021-12-08T21:25:30","slug":"tunisie-kais-saied-mis-sous-pression-par-les-siens-va-etre-oblige-de-faire-des-declarations-fracassantes-ce-17-decembre","status":"publish","type":"post","link":"https:\/\/linitiative.ca\/International\/tunisie-kais-saied-mis-sous-pression-par-les-siens-va-etre-oblige-de-faire-des-declarations-fracassantes-ce-17-decembre\/","title":{"rendered":"Tunisie \u2013 Ka\u00efs Sa\u00efed mis sous pression par les siens va \u00eatre oblig\u00e9 de faire des d\u00e9clarations fracassantes ce 17 d\u00e9cembre"},"content":{"rendered":"<div>\n<p>Les pr\u00e9 annonces r\u00e9p\u00e9t\u00e9es faites par les pages pro-Ka\u00efs Sa\u00efed, sous forme de fuites de ce que seront les d\u00e9clarations promises par le pr\u00e9sident, ce 17 d\u00e9cembre, \u00e0 l\u2019occasion de la comm\u00e9moration de la \u00ab f\u00eate de la r\u00e9volution \u00bb, auront fini par l\u2019acculer et le pousser \u00e0 \u00ab \u00eatre \u00e0 la hauteur \u00bb de [\u2026]<\/p>\n<p>L\u2019article <a href=\"https:\/\/www.tunisienumerique.com\/tunisie-kais-saied-mis-sous-pression-par-les-siens-va-etre-oblige-de-faire-des-declarations-fracassantes-ce-17-decembre\/\">Tunisie \u2013 Ka\u00efs Sa\u00efed mis sous pression par les siens va \u00eatre oblig\u00e9 de faire des d\u00e9clarations fracassantes ce 17 d\u00e9cembre<\/a> est apparu en premier sur <a href=\"https:\/\/www.tunisienumerique.com\/\">Tunisie<\/a>.<\/p>\n<\/div>\n<p>Auteur: Ramsis<br \/>\n<a href=\"https:\/\/www.tunisienumerique.com\/tunisie-kais-saied-mis-sous-pression-par-les-siens-va-etre-oblige-de-faire-des-declarations-fracassantes-ce-17-decembre\/\">Cliquez ici pour lire l&rsquo;article depuis sa source.<\/a><\/p>\n","protected":false},"excerpt":{"rendered":"<p>Les pr\u00e9 annonces r\u00e9p\u00e9t\u00e9es faites par les pages pro-Ka\u00efs Sa\u00efed, sous forme de fuites de ce que seront les d\u00e9clarations promises par le pr\u00e9sident, ce 17 d\u00e9cembre, \u00e0 l\u2019occasion de la comm\u00e9moration de la \u00ab f\u00eate de la r\u00e9volution \u00bb, auront fini par l\u2019acculer et le pousser \u00e0 \u00ab \u00eatre \u00e0 la hauteur \u00bb de [&hellip;]<\/p>\n","protected":false},"author":1789,"featured_media":0,"comment_status":"closed","ping_status":"closed","sticky":false,"template":"","format":"standard","meta":{"fifu_image_url":"","fifu_image_alt":"","footnotes":""},"categories":[73,55],"tags":[],"class_list":["post-135233","post","type-post","status-publish","format-standard","hentry","category-actualite","category-tunisie"],"_links":{"self":[{"href":"https:\/\/linitiative.ca\/International\/wp-json\/wp\/v2\/posts\/135233","targetHints":{"allow":["GET"]}}],"collection":[{"href":"https:\/\/linitiative.ca\/International\/wp-json\/wp\/v2\/posts"}],"about":[{"href":"https:\/\/linitiative.ca\/International\/wp-json\/wp\/v2\/types\/post"}],"author":[{"embeddable":true,"href":"https:\/\/linitiative.ca\/International\/wp-json\/wp\/v2\/users\/1789"}],"replies":[{"embeddable":true,"href":"https:\/\/linitiative.ca\/International\/wp-json\/wp\/v2\/comments?post=135233"}],"version-history":[{"count":0,"href":"https:\/\/linitiative.ca\/International\/wp-json\/wp\/v2\/posts\/135233\/revisions"}],"wp:attachment":[{"href":"https:\/\/linitiative.ca\/International\/wp-json\/wp\/v2\/media?parent=135233"}],"wp:term":[{"taxonomy":"category","embeddable":true,"href":"https:\/\/linitiative.ca\/International\/wp-json\/wp\/v2\/categories?post=135233"},{"taxonomy":"post_tag","embeddable":true,"href":"https:\/\/linitiative.ca\/International\/wp-json\/wp\/v2\/tags?post=135233"}],"curies":[{"name":"wp","href":"https:\/\/api.w.org\/{rel}","templated":true}]}}