{"id":135234,"date":"2021-12-08T16:37:45","date_gmt":"2021-12-08T21:37:45","guid":{"rendered":"https:\/\/linitiative.ca\/International\/tunisie-pass-sanitaire-obligatoire-pour-acceder-aux-tribunaux\/"},"modified":"2021-12-08T16:37:45","modified_gmt":"2021-12-08T21:37:45","slug":"tunisie-pass-sanitaire-obligatoire-pour-acceder-aux-tribunaux","status":"publish","type":"post","link":"https:\/\/linitiative.ca\/International\/tunisie-pass-sanitaire-obligatoire-pour-acceder-aux-tribunaux\/","title":{"rendered":"Tunisie \u2013 Pass sanitaire obligatoire pour acc\u00e9der aux tribunaux"},"content":{"rendered":"<div>\n<p>Le minist\u00e8re de la justice a demand\u00e9 \u00e0 ses personnels, ainsi qu\u2019aux magistrats, avocats et autres professionnels, d\u2019achever leur vaccination anti covid et de se munir de leur pass sanitaire. Le minist\u00e8re a rappel\u00e9 qu\u2019\u00e0 partir du 22 d\u00e9cembre, il sera interdit aux professionnels, ainsi qu\u2019aux citoyens, d\u2019acc\u00e9der aux tribunaux, \u00e0 partir du 22 d\u00e9cembre [\u2026]<\/p>\n<p>L\u2019article <a href=\"https:\/\/www.tunisienumerique.com\/tunisie-pass-sanitaire-obligatoire-pour-acceder-aux-tribunaux\/\">Tunisie \u2013 Pass sanitaire obligatoire pour acc\u00e9der aux tribunaux<\/a> est apparu en premier sur <a href=\"https:\/\/www.tunisienumerique.com\/\">Tunisie<\/a>.<\/p>\n<\/div>\n<p>Auteur: LM<br \/>\n<a href=\"https:\/\/www.tunisienumerique.com\/tunisie-pass-sanitaire-obligatoire-pour-acceder-aux-tribunaux\/\">Cliquez ici pour lire l&rsquo;article depuis sa source.<\/a><\/p>\n","protected":false},"excerpt":{"rendered":"<p>Le minist\u00e8re de la justice a demand\u00e9 \u00e0 ses personnels, ainsi qu\u2019aux magistrats, avocats et autres professionnels, d\u2019achever leur vaccination anti covid et de se munir de leur pass sanitaire. Le minist\u00e8re a rappel\u00e9 qu\u2019\u00e0 partir du 22 d\u00e9cembre, il sera interdit aux professionnels, ainsi qu\u2019aux citoyens, d\u2019acc\u00e9der aux tribunaux, \u00e0 partir du 22 d\u00e9cembre [&hellip;]<\/p>\n","protected":false},"author":1789,"featured_media":0,"comment_status":"closed","ping_status":"closed","sticky":false,"template":"","format":"standard","meta":{"fifu_image_url":"","fifu_image_alt":"","footnotes":""},"categories":[73,55],"tags":[],"class_list":["post-135234","post","type-post","status-publish","format-standard","hentry","category-actualite","category-tunisie"],"_links":{"self":[{"href":"https:\/\/linitiative.ca\/International\/wp-json\/wp\/v2\/posts\/135234","targetHints":{"allow":["GET"]}}],"collection":[{"href":"https:\/\/linitiative.ca\/International\/wp-json\/wp\/v2\/posts"}],"about":[{"href":"https:\/\/linitiative.ca\/International\/wp-json\/wp\/v2\/types\/post"}],"author":[{"embeddable":true,"href":"https:\/\/linitiative.ca\/International\/wp-json\/wp\/v2\/users\/1789"}],"replies":[{"embeddable":true,"href":"https:\/\/linitiative.ca\/International\/wp-json\/wp\/v2\/comments?post=135234"}],"version-history":[{"count":0,"href":"https:\/\/linitiative.ca\/International\/wp-json\/wp\/v2\/posts\/135234\/revisions"}],"wp:attachment":[{"href":"https:\/\/linitiative.ca\/International\/wp-json\/wp\/v2\/media?parent=135234"}],"wp:term":[{"taxonomy":"category","embeddable":true,"href":"https:\/\/linitiative.ca\/International\/wp-json\/wp\/v2\/categories?post=135234"},{"taxonomy":"post_tag","embeddable":true,"href":"https:\/\/linitiative.ca\/International\/wp-json\/wp\/v2\/tags?post=135234"}],"curies":[{"name":"wp","href":"https:\/\/api.w.org\/{rel}","templated":true}]}}