{"id":135243,"date":"2021-12-08T15:42:52","date_gmt":"2021-12-08T20:42:52","guid":{"rendered":"https:\/\/linitiative.ca\/International\/primature-le-president-du-faso-a-mis-fin-aux-fonctions-de-christophe-dabire\/"},"modified":"2021-12-08T15:42:52","modified_gmt":"2021-12-08T20:42:52","slug":"primature-le-president-du-faso-a-mis-fin-aux-fonctions-de-christophe-dabire","status":"publish","type":"post","link":"https:\/\/linitiative.ca\/International\/primature-le-president-du-faso-a-mis-fin-aux-fonctions-de-christophe-dabire\/","title":{"rendered":"Primature\u00a0:Le Pr\u00e9sident du Faso a mis fin aux fonctions de Christophe Dabir\u00e9"},"content":{"rendered":"<div>\n<p>\u00a0<\/p>\n<p>Le pr\u00e9sident du Faso a mis fin par d\u00e9cret les fonctions du Premier ministre Christophe Marie Joseph Dabir\u00e9. Le d\u00e9cret a \u00e9t\u00e9 lu par le secr\u00e9taire g\u00e9n\u00e9ral du gouvernement et du Conseil des ministres, St\u00e9phane Sanou \u00e0 la t\u00e9l\u00e9vision nationale dans l\u2019\u00e9dition de 20 heures du 8 d\u00e9cembre 2021. Les membres du gouvernement sortant assurent l\u2019exp\u00e9dition des affaires courantes des d\u00e9partements minist\u00e9riels jusqu\u2019\u00e0 la formation d\u2019un nouveau gouvernement. En rappel, il a \u00e9t\u00e9 nomm\u00e9\u00a0 Premier ministre par le Pr\u00e9sident Roch Marc Christian Kabor\u00e9 le 21 janvier 2019 en remplacement de Paul Kaba Thieba et a \u00e9t\u00e9 reconduit en janvier 2021.<\/p>\n<p>B.S<\/p>\n<p>L\u2019article <a rel=\"nofollow\" href=\"https:\/\/www.sidwaya.info\/blog\/2021\/12\/08\/primature-le-president-du-faso-a-mis-fin-aux-fonctions-de-christophe-dabire\/\">Primature\u00a0:Le Pr\u00e9sident du Faso a mis fin aux fonctions de Christophe Dabir\u00e9<\/a> est apparu en premier sur <a rel=\"nofollow\" href=\"https:\/\/www.sidwaya.info\/\">Quotidien Sidwaya<\/a>.<\/p>\n<\/div>\n<p>Auteur: BS. Sidwaya<br \/>\n<a href=\"https:\/\/www.sidwaya.info\/blog\/2021\/12\/08\/primature-le-president-du-faso-a-mis-fin-aux-fonctions-de-christophe-dabire\/\">Cliquez ici pour lire l&rsquo;article depuis sa source.<\/a><\/p>\n","protected":false},"excerpt":{"rendered":"<p>\u00a0 Le pr\u00e9sident du Faso a mis fin par d\u00e9cret les fonctions du Premier ministre Christophe Marie Joseph Dabir\u00e9. Le d\u00e9cret a \u00e9t\u00e9 lu par le secr\u00e9taire g\u00e9n\u00e9ral du gouvernement et du Conseil des ministres, St\u00e9phane Sanou \u00e0 la t\u00e9l\u00e9vision nationale dans l\u2019\u00e9dition de 20 heures du 8 d\u00e9cembre 2021. Les membres du gouvernement sortant [&hellip;]<\/p>\n","protected":false},"author":1816,"featured_media":0,"comment_status":"closed","ping_status":"closed","sticky":false,"template":"","format":"standard","meta":{"fifu_image_url":"","fifu_image_alt":"","footnotes":""},"categories":[73,81],"tags":[],"class_list":["post-135243","post","type-post","status-publish","format-standard","hentry","category-actualite","category-burkina-faso"],"_links":{"self":[{"href":"https:\/\/linitiative.ca\/International\/wp-json\/wp\/v2\/posts\/135243","targetHints":{"allow":["GET"]}}],"collection":[{"href":"https:\/\/linitiative.ca\/International\/wp-json\/wp\/v2\/posts"}],"about":[{"href":"https:\/\/linitiative.ca\/International\/wp-json\/wp\/v2\/types\/post"}],"author":[{"embeddable":true,"href":"https:\/\/linitiative.ca\/International\/wp-json\/wp\/v2\/users\/1816"}],"replies":[{"embeddable":true,"href":"https:\/\/linitiative.ca\/International\/wp-json\/wp\/v2\/comments?post=135243"}],"version-history":[{"count":0,"href":"https:\/\/linitiative.ca\/International\/wp-json\/wp\/v2\/posts\/135243\/revisions"}],"wp:attachment":[{"href":"https:\/\/linitiative.ca\/International\/wp-json\/wp\/v2\/media?parent=135243"}],"wp:term":[{"taxonomy":"category","embeddable":true,"href":"https:\/\/linitiative.ca\/International\/wp-json\/wp\/v2\/categories?post=135243"},{"taxonomy":"post_tag","embeddable":true,"href":"https:\/\/linitiative.ca\/International\/wp-json\/wp\/v2\/tags?post=135243"}],"curies":[{"name":"wp","href":"https:\/\/api.w.org\/{rel}","templated":true}]}}